{"id":217341,"date":"2023-08-18T08:13:30","date_gmt":"2023-08-18T11:13:30","guid":{"rendered":"https:\/\/diarioregionaldigital.com.br\/?p=217341"},"modified":"2023-08-18T08:17:08","modified_gmt":"2023-08-18T11:17:08","slug":"217341","status":"publish","type":"post","link":"https:\/\/diarioregionaldigital.com.br\/?p=217341","title":{"rendered":"Copa Prefeitura de Futsal 2023: PJF divulga 3\u00ba boletim"},"content":{"rendered":"<div id=\"box_texto_noticia\">\n<p><span style=\"font-weight: 400;\">\u00a0Segundo informa\u00e7\u00f5es do site da Prefeitura de Juiz de Fora (PJF), co<\/span>me\u00e7a na pr\u00f3xima semana a terceira rodada da Copa Prefeitura de Futsal 2023. Os jogos ser\u00e3o realizados em diversos dias, sendo disputados no Clube Bom Pastor, Gin\u00e1sio da Secretaria de Esporte e Lazer (SEL), Cascatinha Country Club e no Gin\u00e1sio Municipal Jornalista Ant\u00f4nio Marcos. O boletim n\u00ba04 estar\u00e1 \u00e0 disposi\u00e7\u00e3o, na quinta-feira, dia 24, a partir das 16h. Al\u00e9m dos jogos da terceira rodada da Copa, acontece tamb\u00e9m a primeira rodada da categoria sub-09, que ser\u00e1 realizada no s\u00e1bado, 26, no Col\u00e9gio Academia.<\/p>\n<p>A Copa Prefeitura de Futsal tem como objetivo integrar, atrav\u00e9s da pr\u00e1tica desportiva, representantes das diversas camadas sociais do munic\u00edpio; oportunizar a mobiliza\u00e7\u00e3o e organiza\u00e7\u00e3o comunit\u00e1ria, atrav\u00e9s da pr\u00e1tica desportiva; incrementar a pr\u00e1tica do futsal, estimulando e valorizando as equipes locais e regionais, fortalecendo a Liga Juizforana de Futebol de Sal\u00e3o, com grande participa\u00e7\u00e3o dos clubes; criar oportunidades para o surgimento de atletas de futsal, que possam representar Juiz de Fora em competi\u00e7\u00f5es na modalidade, em n\u00edveis regional, estadual e nacional e oferecer momentos de lazer e integra\u00e7\u00e3o social.<\/p>\n<p><strong>A programa\u00e7\u00e3o da semana pode ser conferida em anexo<\/strong><\/p>\n<p><strong>Outras informa\u00e7\u00f5es:\u00a0<\/strong><\/p>\n<p>Secretaria de Esporte e Lazer &#8211; 3690-7845<\/p>\n<\/div>\n<div class=\"texto_anexo\"><img loading=\"lazy\" decoding=\"async\" src=\"https:\/\/www.pjf.mg.gov.br\/imagens\/clips.jpg\" width=\"22\" height=\"20\" \/>\u00a0<a href=\"https:\/\/www.pjf.mg.gov.br\/noticias\/anexo\/boletim(2).pdf\" target=\"_blank\" rel=\"noopener\">Veja o anexo<\/a><\/div>\n","protected":false},"excerpt":{"rendered":"<p>\u00a0Segundo informa\u00e7\u00f5es do site da Prefeitura de Juiz de Fora (PJF), come\u00e7a na pr\u00f3xima semana a terceira rodada da Copa Prefeitura de Futsal 2023. Os jogos ser\u00e3o realizados em diversos dias, sendo disputados no Clube Bom Pastor, Gin\u00e1sio da Secretaria de Esporte e Lazer (SEL), Cascatinha Country Club e no Gin\u00e1sio Municipal Jornalista Ant\u00f4nio Marcos. [&hellip;]<\/p>\n","protected":false},"author":246,"featured_media":217342,"comment_status":"closed","ping_status":"closed","sticky":false,"template":"","format":"standard","meta":{"footnotes":""},"categories":[436,257,439],"tags":[],"class_list":["post-217341","post","type-post","status-publish","format-standard","has-post-thumbnail","hentry","category-destaque-da-semana","category-esporte","category-ultima-hora"],"_links":{"self":[{"href":"https:\/\/diarioregionaldigital.com.br\/index.php?rest_route=\/wp\/v2\/posts\/217341","targetHints":{"allow":["GET"]}}],"collection":[{"href":"https:\/\/diarioregionaldigital.com.br\/index.php?rest_route=\/wp\/v2\/posts"}],"about":[{"href":"https:\/\/diarioregionaldigital.com.br\/index.php?rest_route=\/wp\/v2\/types\/post"}],"author":[{"embeddable":true,"href":"https:\/\/diarioregionaldigital.com.br\/index.php?rest_route=\/wp\/v2\/users\/246"}],"replies":[{"embeddable":true,"href":"https:\/\/diarioregionaldigital.com.br\/index.php?rest_route=%2Fwp%2Fv2%2Fcomments&post=217341"}],"version-history":[{"count":2,"href":"https:\/\/diarioregionaldigital.com.br\/index.php?rest_route=\/wp\/v2\/posts\/217341\/revisions"}],"predecessor-version":[{"id":217345,"href":"https:\/\/diarioregionaldigital.com.br\/index.php?rest_route=\/wp\/v2\/posts\/217341\/revisions\/217345"}],"wp:featuredmedia":[{"embeddable":true,"href":"https:\/\/diarioregionaldigital.com.br\/index.php?rest_route=\/wp\/v2\/media\/217342"}],"wp:attachment":[{"href":"https:\/\/diarioregionaldigital.com.br\/index.php?rest_route=%2Fwp%2Fv2%2Fmedia&parent=217341"}],"wp:term":[{"taxonomy":"category","embeddable":true,"href":"https:\/\/diarioregionaldigital.com.br\/index.php?rest_route=%2Fwp%2Fv2%2Fcategories&post=217341"},{"taxonomy":"post_tag","embeddable":true,"href":"https:\/\/diarioregionaldigital.com.br\/index.php?rest_route=%2Fwp%2Fv2%2Ftags&post=217341"}],"curies":[{"name":"wp","href":"https:\/\/api.w.org\/{rel}","templated":true}]}}