{"id":217335,"date":"2023-08-18T08:03:52","date_gmt":"2023-08-18T11:03:52","guid":{"rendered":"https:\/\/diarioregionaldigital.com.br\/?p=217335"},"modified":"2023-08-18T08:03:52","modified_gmt":"2023-08-18T11:03:52","slug":"dino-nao-descarta-hipotese-de-sabotagem-em-caso-de-apagao","status":"publish","type":"post","link":"https:\/\/diarioregionaldigital.com.br\/?p=217335","title":{"rendered":"Dino n\u00e3o descarta hip\u00f3tese de sabotagem em caso de apag\u00e3o"},"content":{"rendered":"<p>O ministro da Justi\u00e7a e Seguran\u00e7a P\u00fablica, Fl\u00e1vio Dino, disse n\u00e3o descartar a possibilidade de que o apag\u00e3o energ\u00e9tico, que afetou a cerca de 29 milh\u00f5es de brasileiros em quase todo o pa\u00eds\u00a0nesta ter\u00e7a-feira (15), tenha sido intencional.<img decoding=\"async\" src=\"https:\/\/agenciabrasil.ebc.com.br\/ebc.png?id=1549773&amp;o=node\" \/><img decoding=\"async\" src=\"https:\/\/agenciabrasil.ebc.com.br\/ebc.gif?id=1549773&amp;o=node\" \/><\/p>\n<p>\u201cNa medida em que [ainda] n\u00e3o h\u00e1 uma explica\u00e7\u00e3o t\u00e9cnica, objetiva, demonstrada, se abre um card\u00e1pio de possibilidades. Entre as quais, a de a\u00e7\u00e3o humana. E a\u00ed voc\u00ea tem outras duas deriva\u00e7\u00f5es [desta possibilidade]: [ou a] a\u00e7\u00e3o humana [se houve, foi] intencional ou, eventualmente, [foi causada] por neglig\u00eancia, imper\u00edcia ou imprud\u00eancia\u201d, declarou o ministro, nesta quinta-feira\u00a0(17), ao ser questionado por jornalistas durante uma coletiva de imprensa, no Minist\u00e9rio da Justi\u00e7a, em Bras\u00edlia.<\/p>\n<p>Dino afirmou ter agido por \u201ccautela\u201d ao solicitar que a Pol\u00edcia Federal (PF) investigue os motivos que provocaram a interrup\u00e7\u00e3o do fornecimento de energia el\u00e9trica para 25 estados, mais o Distrito Federal. A \u00fanica unidade federativa a n\u00e3o ser afetada pelo problema foi Roraima, que n\u00e3o est\u00e1 conectada\u00a0ao Sistema Interligado Nacional (SIN).<\/p>\n<p>\u201cRecebi uma demanda do ministro Alexandre Silveira [de Minas e Energia]. Uma demanda formal. E o que o ministro [Silveira] diz \u00e9 que, at\u00e9 agora, os \u00f3rg\u00e3os t\u00e9cnicos n\u00e3o deram explica\u00e7\u00e3o clara, n\u00edtida, sobre o que ocorreu\u201d, justificou-se Dino. \u201cEnt\u00e3o, a medida de cautela, de prud\u00eancia, \u00e9 a que adotei: transformar o of\u00edcio do ministro [Silveira] em uma determina\u00e7\u00e3o para que a PF proceda a investiga\u00e7\u00e3o dos graves fatos\u201d.<\/p>\n<p>Nesta quarta-feira (16)\u00a0em suas redes sociais, o ministro Fl\u00e1vio Dino j\u00e1 tinha sustentado ser \u201cprudente\u201d proceder uma \u201can\u00e1lise mais ampla, inclusive quanto \u00e0 possibilidade de atos il\u00edcitos\u201d. Segundo ele, a investiga\u00e7\u00e3o \u00e9 necess\u00e1ria, considerando a \u201caus\u00eancia de elementos t\u00e9cnicos que expliquem o que aconteceu\u201d.<\/p>\n<p>\u201cJ\u00e1 vivemos, este ano, m\u00faltiplas tentativas de sabotagem no fornecimento de energia el\u00e9trica no pa\u00eds. J\u00e1 houve m\u00faltiplos eventos documentados. Tentativa de derrubar torre de transmiss\u00e3o, de incendiar torres de transmiss\u00e3o em v\u00e1rias partes do pa\u00eds. N\u00e3o sabemos [se esta pode ser mais uma destas tentativas] e n\u00e3o me permito afirmar isso, mas no terreno das possibilidades, eu diria que sim, que pode sim ser fruto de alguma a\u00e7\u00e3o humana intencional ou n\u00e3o\u201d, disse o ministro Fl\u00e1vio Dino, durante a coletiva de hoje.<\/p>\n<p>Na noite desta quarta-feira, o Minist\u00e9rio de Minas e Energia e a Eletrobras divulgaram, em seus respectivos sites, notas em que atribuem o in\u00edcio do problema a uma \u201catua\u00e7\u00e3o indevida\u201d que, segundo an\u00e1lise preliminar, causou o desligamento da linha de transmiss\u00e3o 500 kV Quixad\u00e1 II \/ Fortaleza.\u00a0\u201cO ocorrido desencadeou uma s\u00e9rie de a\u00e7\u00f5es que amplificaram os impactos a toda a sociedade brasileira\u201d,\u00a0acrescentou o minist\u00e9rio, explicando que a interrup\u00e7\u00e3o do fluxo de energia no Cear\u00e1 gerou uma rea\u00e7\u00e3o em cadeia no sistema.<\/p>\n<p>O Operador Nacional do Sistema El\u00e9trico (ONS) tamb\u00e9m divulgou uma nota ontem \u00e0\u00a0noite, atribuindo \u00e0 \u201catua\u00e7\u00e3o incorreta\u201d o desligamento da mesma linha de transmiss\u00e3o no Cear\u00e1, mas acrescentou que, isoladamente, o \u201cprimeiro evento da ocorr\u00eancia n\u00e3o causaria o impacto visto no Sistema Integrado Nacional e este \u00e9 um ponto que ainda est\u00e1 sendo apurado\u201d.<\/p>\n<p>A\u00a0<strong>Ag\u00eancia Brasil<\/strong>\u00a0consultou o Minist\u00e9rio de Minas e Energia, o ONS e a Eletrobras para esclarecimento sobre\u00a0como ocorreu a\u00a0atua\u00e7\u00e3o indevida ou incorreta, mas n\u00e3o recebeu retorno at\u00e9 a publica\u00e7\u00e3o da\u00a0reportagem.<\/p>\n<p><span style=\"font-weight: 400;\">Fonte: Ag\u00eancia Brasil <\/span><\/p>\n","protected":false},"excerpt":{"rendered":"<p>O ministro da Justi\u00e7a e Seguran\u00e7a P\u00fablica, Fl\u00e1vio Dino, disse n\u00e3o descartar a possibilidade de que o apag\u00e3o energ\u00e9tico, que afetou a cerca de 29 milh\u00f5es de brasileiros em quase todo o pa\u00eds\u00a0nesta ter\u00e7a-feira (15), tenha sido intencional. \u201cNa medida em que [ainda] n\u00e3o h\u00e1 uma explica\u00e7\u00e3o t\u00e9cnica, objetiva, demonstrada, se abre um card\u00e1pio de [&hellip;]<\/p>\n","protected":false},"author":246,"featured_media":217336,"comment_status":"closed","ping_status":"closed","sticky":false,"template":"","format":"standard","meta":{"footnotes":""},"categories":[436,254,439],"tags":[],"class_list":["post-217335","post","type-post","status-publish","format-standard","has-post-thumbnail","hentry","category-destaque-da-semana","category-politica","category-ultima-hora"],"_links":{"self":[{"href":"https:\/\/diarioregionaldigital.com.br\/index.php?rest_route=\/wp\/v2\/posts\/217335","targetHints":{"allow":["GET"]}}],"collection":[{"href":"https:\/\/diarioregionaldigital.com.br\/index.php?rest_route=\/wp\/v2\/posts"}],"about":[{"href":"https:\/\/diarioregionaldigital.com.br\/index.php?rest_route=\/wp\/v2\/types\/post"}],"author":[{"embeddable":true,"href":"https:\/\/diarioregionaldigital.com.br\/index.php?rest_route=\/wp\/v2\/users\/246"}],"replies":[{"embeddable":true,"href":"https:\/\/diarioregionaldigital.com.br\/index.php?rest_route=%2Fwp%2Fv2%2Fcomments&post=217335"}],"version-history":[{"count":1,"href":"https:\/\/diarioregionaldigital.com.br\/index.php?rest_route=\/wp\/v2\/posts\/217335\/revisions"}],"predecessor-version":[{"id":217337,"href":"https:\/\/diarioregionaldigital.com.br\/index.php?rest_route=\/wp\/v2\/posts\/217335\/revisions\/217337"}],"wp:featuredmedia":[{"embeddable":true,"href":"https:\/\/diarioregionaldigital.com.br\/index.php?rest_route=\/wp\/v2\/media\/217336"}],"wp:attachment":[{"href":"https:\/\/diarioregionaldigital.com.br\/index.php?rest_route=%2Fwp%2Fv2%2Fmedia&parent=217335"}],"wp:term":[{"taxonomy":"category","embeddable":true,"href":"https:\/\/diarioregionaldigital.com.br\/index.php?rest_route=%2Fwp%2Fv2%2Fcategories&post=217335"},{"taxonomy":"post_tag","embeddable":true,"href":"https:\/\/diarioregionaldigital.com.br\/index.php?rest_route=%2Fwp%2Fv2%2Ftags&post=217335"}],"curies":[{"name":"wp","href":"https:\/\/api.w.org\/{rel}","templated":true}]}}