{"id":217332,"date":"2023-08-18T08:01:51","date_gmt":"2023-08-18T11:01:51","guid":{"rendered":"https:\/\/diarioregionaldigital.com.br\/?p=217332"},"modified":"2023-08-18T08:01:51","modified_gmt":"2023-08-18T11:01:51","slug":"agu-consegue-bloqueio-de-r-956-milhoes-de-acusados-por-desmatamento","status":"publish","type":"post","link":"https:\/\/diarioregionaldigital.com.br\/?p=217332","title":{"rendered":"AGU consegue bloqueio de R$ 95,6 milh\u00f5es de acusados por desmatamento"},"content":{"rendered":"<p>A Advocacia-Geral da Uni\u00e3o (AGU) anunciou nesta quinta-feira\u00a0(17) que obteve na Justi\u00e7a o bloqueio de R$ 95,6 milh\u00f5es em bens de acusados por desmatamento na Amaz\u00f4nia. A medida foi obtida em cinco liminares aceitas pela Justi\u00e7a Federal no Par\u00e1 e em Roraima.<img decoding=\"async\" src=\"https:\/\/agenciabrasil.ebc.com.br\/ebc.png?id=1549777&amp;o=node\" \/><img decoding=\"async\" src=\"https:\/\/agenciabrasil.ebc.com.br\/ebc.gif?id=1549777&amp;o=node\" \/><\/p>\n<p>O balan\u00e7o \u00e9 referente ao trabalho do grupo AGU Recupera, formado em mar\u00e7o deste ano para adotar medidas para proteger os biomas brasileiros.<\/p>\n<p>A for\u00e7a-tarefa protocolou na Justi\u00e7a Federal 34 a\u00e7\u00f5es para cobrar R$ 479 milh\u00f5es pelo desmatamento na regi\u00e3o, al\u00e9m da solicita\u00e7\u00e3o para embargo das \u00e1reas danificadas e suspens\u00e3o do acesso a cr\u00e9dito p\u00fablico.<\/p>\n<p>No prazo de 180 dias, um relat\u00f3rio de atividades ser\u00e1 conclu\u00eddo. A AGU auxilia o Conselho Nacional de Justi\u00e7a (CNJ) na avalia\u00e7\u00e3o das decis\u00f5es da Justi\u00e7a sobre danos ambientais.<\/p>\n<p><span style=\"font-weight: 400;\"><br \/>\n<\/span><span style=\"font-weight: 400;\">Fonte: Ag\u00eancia Brasil <\/span><\/p>\n","protected":false},"excerpt":{"rendered":"<p>A Advocacia-Geral da Uni\u00e3o (AGU) anunciou nesta quinta-feira\u00a0(17) que obteve na Justi\u00e7a o bloqueio de R$ 95,6 milh\u00f5es em bens de acusados por desmatamento na Amaz\u00f4nia. A medida foi obtida em cinco liminares aceitas pela Justi\u00e7a Federal no Par\u00e1 e em Roraima. O balan\u00e7o \u00e9 referente ao trabalho do grupo AGU Recupera, formado em mar\u00e7o [&hellip;]<\/p>\n","protected":false},"author":246,"featured_media":217333,"comment_status":"closed","ping_status":"closed","sticky":false,"template":"","format":"standard","meta":{"footnotes":""},"categories":[436,254,439],"tags":[],"class_list":["post-217332","post","type-post","status-publish","format-standard","has-post-thumbnail","hentry","category-destaque-da-semana","category-politica","category-ultima-hora"],"_links":{"self":[{"href":"https:\/\/diarioregionaldigital.com.br\/index.php?rest_route=\/wp\/v2\/posts\/217332","targetHints":{"allow":["GET"]}}],"collection":[{"href":"https:\/\/diarioregionaldigital.com.br\/index.php?rest_route=\/wp\/v2\/posts"}],"about":[{"href":"https:\/\/diarioregionaldigital.com.br\/index.php?rest_route=\/wp\/v2\/types\/post"}],"author":[{"embeddable":true,"href":"https:\/\/diarioregionaldigital.com.br\/index.php?rest_route=\/wp\/v2\/users\/246"}],"replies":[{"embeddable":true,"href":"https:\/\/diarioregionaldigital.com.br\/index.php?rest_route=%2Fwp%2Fv2%2Fcomments&post=217332"}],"version-history":[{"count":1,"href":"https:\/\/diarioregionaldigital.com.br\/index.php?rest_route=\/wp\/v2\/posts\/217332\/revisions"}],"predecessor-version":[{"id":217334,"href":"https:\/\/diarioregionaldigital.com.br\/index.php?rest_route=\/wp\/v2\/posts\/217332\/revisions\/217334"}],"wp:featuredmedia":[{"embeddable":true,"href":"https:\/\/diarioregionaldigital.com.br\/index.php?rest_route=\/wp\/v2\/media\/217333"}],"wp:attachment":[{"href":"https:\/\/diarioregionaldigital.com.br\/index.php?rest_route=%2Fwp%2Fv2%2Fmedia&parent=217332"}],"wp:term":[{"taxonomy":"category","embeddable":true,"href":"https:\/\/diarioregionaldigital.com.br\/index.php?rest_route=%2Fwp%2Fv2%2Fcategories&post=217332"},{"taxonomy":"post_tag","embeddable":true,"href":"https:\/\/diarioregionaldigital.com.br\/index.php?rest_route=%2Fwp%2Fv2%2Ftags&post=217332"}],"curies":[{"name":"wp","href":"https:\/\/api.w.org\/{rel}","templated":true}]}}