{"id":217323,"date":"2023-08-18T07:51:29","date_gmt":"2023-08-18T10:51:29","guid":{"rendered":"https:\/\/diarioregionaldigital.com.br\/?p=217323"},"modified":"2023-08-18T07:51:29","modified_gmt":"2023-08-18T10:51:29","slug":"stf-tem-quatro-votos-a-favor-da-aplicacao-do-juiz-de-garantias","status":"publish","type":"post","link":"https:\/\/diarioregionaldigital.com.br\/?p=217323","title":{"rendered":"STF tem quatro votos a favor da aplica\u00e7\u00e3o do juiz de garantias"},"content":{"rendered":"<p>O Supremo Tribunal Federal (STF) retomou nesta quarta-feira (16) o julgamento sobre a validade do mecanismo do juiz de garantias pelo Judici\u00e1rio de todo o pa\u00eds.<img decoding=\"async\" src=\"https:\/\/agenciabrasil.ebc.com.br\/ebc.png?id=1549482&amp;o=node\" \/><img decoding=\"async\" src=\"https:\/\/agenciabrasil.ebc.com.br\/ebc.gif?id=1549482&amp;o=node\" \/><\/p>\n<p>Ap\u00f3s sete sess\u00f5es consecutivas para julgar o caso, o placar do julgamento \u00e9 de 4 votos a 1 pela implanta\u00e7\u00e3o obrigat\u00f3ria do modelo, no qual o magistrado respons\u00e1vel pela senten\u00e7a n\u00e3o \u00e9 o mesmo que analisa as cautelares durante o processo criminal.<\/p>\n<p>O tribunal encaminha para determinar a implanta\u00e7\u00e3o do mecanismo em todo pa\u00eds no prazo de um ano, prorrog\u00e1vel pelo mesmo per\u00edodo. No entanto, faltam os votos de seis ministros. O julgamento ser\u00e1 retomado nesta quinta-feira (17).<\/p>\n<p>At\u00e9 o momento, somando os votos proferidos nas sess\u00f5es anteriores, votaram a favor do juiz de garantias os ministros Dias Toffoli, Cristiano Zanin, Andr\u00e9 Mendon\u00e7a e Alexandre de Moraes. O relator, Luiz Fux, entendeu que a aplica\u00e7\u00e3o do modelo n\u00e3o \u00e9 obrigat\u00f3ria.<\/p>\n<h2>Votos<\/h2>\n<p>Na sess\u00e3o desta tarde, o ministro Alexandre de Moraes sinalizou que vai acompanhar o entendimento a favor do juiz de garantias, mas ponderou que o modelo n\u00e3o ser\u00e1 a \u201csalva\u00e7\u00e3o da p\u00e1tria\u201d.<\/p>\n<p>Moraes disse que \u00e9 injusto insinuar que ju\u00edzes s\u00e3o parciais em fun\u00e7\u00e3o das acusa\u00e7\u00f5es de viola\u00e7\u00e3o da lei nas investiga\u00e7\u00f5es da Opera\u00e7\u00e3o Lava Jato. O voto do ministro ser\u00e1 conclu\u00eddo na sess\u00e3o de amanh\u00e3.<\/p>\n<p>\u201cO que aconteceu na Vaza Jato n\u00e3o pode ocorrer com o juiz de garantias? \u00c9 importante delimitar isso, porque sen\u00e3o vai parecer que todo mundo que \u00e9 condenado por um juiz parcial\u201d, afirmou. Ficou conhecido como Vaza Jato o epis\u00f3dio da invas\u00e3o dos telefones celulares de procuradores da opera\u00e7\u00e3o Lava Jato. Essa invas\u00e3o foi feita pelo hacker Walter Delgatti, preso em car\u00e1ter preventivo desde o in\u00edcio de agosto.<\/p>\n<p>A ado\u00e7\u00e3o do juiz de garantias estava prevista para entrar em vigor no dia 23 de janeiro de 2020, conforme o Pacote Anticrime aprovado pelo Congresso Nacional. No entanto, foi suspensa por liminar do ministro Luiz Fux, relator do caso. Agora, o Supremo julga o caso definitivamente.<\/p>\n<p><span style=\"font-weight: 400;\">Fonte: Ag\u00eancia Brasil <\/span><\/p>\n","protected":false},"excerpt":{"rendered":"<p>O Supremo Tribunal Federal (STF) retomou nesta quarta-feira (16) o julgamento sobre a validade do mecanismo do juiz de garantias pelo Judici\u00e1rio de todo o pa\u00eds. Ap\u00f3s sete sess\u00f5es consecutivas para julgar o caso, o placar do julgamento \u00e9 de 4 votos a 1 pela implanta\u00e7\u00e3o obrigat\u00f3ria do modelo, no qual o magistrado respons\u00e1vel pela [&hellip;]<\/p>\n","protected":false},"author":246,"featured_media":217324,"comment_status":"closed","ping_status":"closed","sticky":false,"template":"","format":"standard","meta":{"footnotes":""},"categories":[436,261,439],"tags":[],"class_list":["post-217323","post","type-post","status-publish","format-standard","has-post-thumbnail","hentry","category-destaque-da-semana","category-economia","category-ultima-hora"],"_links":{"self":[{"href":"https:\/\/diarioregionaldigital.com.br\/index.php?rest_route=\/wp\/v2\/posts\/217323","targetHints":{"allow":["GET"]}}],"collection":[{"href":"https:\/\/diarioregionaldigital.com.br\/index.php?rest_route=\/wp\/v2\/posts"}],"about":[{"href":"https:\/\/diarioregionaldigital.com.br\/index.php?rest_route=\/wp\/v2\/types\/post"}],"author":[{"embeddable":true,"href":"https:\/\/diarioregionaldigital.com.br\/index.php?rest_route=\/wp\/v2\/users\/246"}],"replies":[{"embeddable":true,"href":"https:\/\/diarioregionaldigital.com.br\/index.php?rest_route=%2Fwp%2Fv2%2Fcomments&post=217323"}],"version-history":[{"count":1,"href":"https:\/\/diarioregionaldigital.com.br\/index.php?rest_route=\/wp\/v2\/posts\/217323\/revisions"}],"predecessor-version":[{"id":217325,"href":"https:\/\/diarioregionaldigital.com.br\/index.php?rest_route=\/wp\/v2\/posts\/217323\/revisions\/217325"}],"wp:featuredmedia":[{"embeddable":true,"href":"https:\/\/diarioregionaldigital.com.br\/index.php?rest_route=\/wp\/v2\/media\/217324"}],"wp:attachment":[{"href":"https:\/\/diarioregionaldigital.com.br\/index.php?rest_route=%2Fwp%2Fv2%2Fmedia&parent=217323"}],"wp:term":[{"taxonomy":"category","embeddable":true,"href":"https:\/\/diarioregionaldigital.com.br\/index.php?rest_route=%2Fwp%2Fv2%2Fcategories&post=217323"},{"taxonomy":"post_tag","embeddable":true,"href":"https:\/\/diarioregionaldigital.com.br\/index.php?rest_route=%2Fwp%2Fv2%2Ftags&post=217323"}],"curies":[{"name":"wp","href":"https:\/\/api.w.org\/{rel}","templated":true}]}}