{"id":217320,"date":"2023-08-18T07:49:50","date_gmt":"2023-08-18T10:49:50","guid":{"rendered":"https:\/\/diarioregionaldigital.com.br\/?p=217320"},"modified":"2023-08-18T07:49:50","modified_gmt":"2023-08-18T10:49:50","slug":"ons-reduz-carga-de-linhas-e-adia-manutencao-em-sistema-eletrico","status":"publish","type":"post","link":"https:\/\/diarioregionaldigital.com.br\/?p=217320","title":{"rendered":"ONS reduz carga de linhas e adia manuten\u00e7\u00e3o em sistema el\u00e9trico"},"content":{"rendered":"<p>Ap\u00f3s o apag\u00e3o da \u00faltima ter\u00e7a-feira (15) que atingiu 25 estados e o Distrito Federal, o Operador Nacional do Sistema El\u00e9trico (ONS) informou ter\u00a0reduzido\u00a0carregamento das linhas de transmiss\u00e3o e adiado\u00a0manuten\u00e7\u00f5es programadas como forma de garantir o fornecimento de energia.<img decoding=\"async\" src=\"https:\/\/agenciabrasil.ebc.com.br\/ebc.png?id=1549815&amp;o=node\" \/><img decoding=\"async\" src=\"https:\/\/agenciabrasil.ebc.com.br\/ebc.gif?id=1549815&amp;o=node\" \/><\/p>\n<p>As informa\u00e7\u00f5es constam no Informe Preliminar de Interrup\u00e7\u00e3o de Energia no Sistema Interligado Nacional &#8211; IPIE), primeiro documento divulgado pelo ONS depois da ocorr\u00eancia do apag\u00e3o e que servir\u00e1 como base para o diagn\u00f3stico final.<\/p>\n<p>\u201cNo momento, o sistema est\u00e1 sendo operado em condi\u00e7\u00f5es mais conservadoras para garantir a seguran\u00e7a do atendimento conforme previsto nos Procedimentos de Rede. Entre as medidas tomadas pelo Operador, est\u00e3o a redu\u00e7\u00e3o no carregamento das linhas de transmiss\u00e3o e a posterga\u00e7\u00e3o de manuten\u00e7\u00f5es programadas\u201d, diz o informe divulgado nesta quinta-feira (17).<\/p>\n<h2>Relat\u00f3rio<\/h2>\n<p>Segundo o ONS, o relat\u00f3rio que ir\u00e1 detalhar as causas da interrup\u00e7\u00e3o de energia ser\u00e1 conclu\u00eddo em 45 dias \u00fateis. No dia 25 de agosto, est\u00e1 marcada a primeira reuni\u00e3o, com participa\u00e7\u00e3o do Minist\u00e9rio de Minas e Energia, Ag\u00eancia Nacional de Energia El\u00e9trica (Aneel) e agentes do setor, para avaliar as informa\u00e7\u00f5es apuradas at\u00e9 o momento e o in\u00edcio da confec\u00e7\u00e3o do relat\u00f3rio. O segundo encontro ocorrer\u00e1 em 1\u00ba de setembro.<\/p>\n<h2>O que se sabe<\/h2>\n<p>A interrup\u00e7\u00e3o come\u00e7ou \u00e0s 8h30 do dia 15 de agosto, com queda no fornecimento de 19 mil megawatts, cerca de 27% da carga total (73 mil MW) naquele hor\u00e1rio. O ponto\u00a0de partida foi\u00a0desligamento da linha de transmiss\u00e3o 500 kV Quixad\u00e1-Fortaleza II, pertencente \u00e0 Eletrobras Chesf, com &#8220;uma atua\u00e7\u00e3o incorreta no sistema de prote\u00e7\u00e3o da linha, que operava dentro dos limites, ocasionou o seu desligamento&#8221;.<\/p>\n<p>\u201cNa avalia\u00e7\u00e3o inicial, demonstrada \u00e0s institui\u00e7\u00f5es do setor el\u00e9trico, a equipe t\u00e9cnica do ONS reiterou que um evento dessa natureza, de forma isolada, n\u00e3o seria suficiente para ocasionar a interrup\u00e7\u00e3o de energia el\u00e9trica observada na ocorr\u00eancia em quest\u00e3o. O desligamento refletiu desproporcionalmente em equipamentos adjacentes e ocasionou oscila\u00e7\u00f5es el\u00e9tricas (tens\u00e3o e frequ\u00eancia) no sistema das regi\u00f5es Norte e Nordeste\u201d. Com a interrup\u00e7\u00e3o, houve uma separa\u00e7\u00e3o nas interliga\u00e7\u00f5es entre as regi\u00f5es Norte e Nordeste das regi\u00f5es Sul, Sudeste e Centro-Oeste.<\/p>\n<p>O operador afirma\u00a0que depois de 600 milissegundos os chamados Prote\u00e7\u00f5es de Perda de Sincronismo (PPS) foram acionados e possibilitaram \u201ca abertura controlada de linhas que comp\u00f5em as interliga\u00e7\u00f5es Norte &#8211; Nordeste, Nordeste &#8211; Sudeste e Norte &#8211; Sul, separando o SIN em tr\u00eas \u00e1reas el\u00e9tricas\u201d.<\/p>\n<p>As cargas em todas as regi\u00f5es passaram a ser recompostas em poucos minutos ap\u00f3s a queda. De acordo com o operador, at\u00e9 as 10h, o fornecimento j\u00e1 havia sido normalizado nas regi\u00f5es Sul, Sudeste e Centro-Oeste. O sistema foi totalmente restaurado \u00e0s 14h49.<\/p>\n<p><span style=\"font-weight: 400;\"><br \/>\n<\/span><span style=\"font-weight: 400;\">Fonte: Ag\u00eancia Brasil <\/span><\/p>\n","protected":false},"excerpt":{"rendered":"<p>Ap\u00f3s o apag\u00e3o da \u00faltima ter\u00e7a-feira (15) que atingiu 25 estados e o Distrito Federal, o Operador Nacional do Sistema El\u00e9trico (ONS) informou ter\u00a0reduzido\u00a0carregamento das linhas de transmiss\u00e3o e adiado\u00a0manuten\u00e7\u00f5es programadas como forma de garantir o fornecimento de energia. As informa\u00e7\u00f5es constam no Informe Preliminar de Interrup\u00e7\u00e3o de Energia no Sistema Interligado Nacional &#8211; IPIE), [&hellip;]<\/p>\n","protected":false},"author":246,"featured_media":217321,"comment_status":"closed","ping_status":"closed","sticky":false,"template":"","format":"standard","meta":{"footnotes":""},"categories":[436,261,439],"tags":[],"class_list":["post-217320","post","type-post","status-publish","format-standard","has-post-thumbnail","hentry","category-destaque-da-semana","category-economia","category-ultima-hora"],"_links":{"self":[{"href":"https:\/\/diarioregionaldigital.com.br\/index.php?rest_route=\/wp\/v2\/posts\/217320","targetHints":{"allow":["GET"]}}],"collection":[{"href":"https:\/\/diarioregionaldigital.com.br\/index.php?rest_route=\/wp\/v2\/posts"}],"about":[{"href":"https:\/\/diarioregionaldigital.com.br\/index.php?rest_route=\/wp\/v2\/types\/post"}],"author":[{"embeddable":true,"href":"https:\/\/diarioregionaldigital.com.br\/index.php?rest_route=\/wp\/v2\/users\/246"}],"replies":[{"embeddable":true,"href":"https:\/\/diarioregionaldigital.com.br\/index.php?rest_route=%2Fwp%2Fv2%2Fcomments&post=217320"}],"version-history":[{"count":1,"href":"https:\/\/diarioregionaldigital.com.br\/index.php?rest_route=\/wp\/v2\/posts\/217320\/revisions"}],"predecessor-version":[{"id":217322,"href":"https:\/\/diarioregionaldigital.com.br\/index.php?rest_route=\/wp\/v2\/posts\/217320\/revisions\/217322"}],"wp:featuredmedia":[{"embeddable":true,"href":"https:\/\/diarioregionaldigital.com.br\/index.php?rest_route=\/wp\/v2\/media\/217321"}],"wp:attachment":[{"href":"https:\/\/diarioregionaldigital.com.br\/index.php?rest_route=%2Fwp%2Fv2%2Fmedia&parent=217320"}],"wp:term":[{"taxonomy":"category","embeddable":true,"href":"https:\/\/diarioregionaldigital.com.br\/index.php?rest_route=%2Fwp%2Fv2%2Fcategories&post=217320"},{"taxonomy":"post_tag","embeddable":true,"href":"https:\/\/diarioregionaldigital.com.br\/index.php?rest_route=%2Fwp%2Fv2%2Ftags&post=217320"}],"curies":[{"name":"wp","href":"https:\/\/api.w.org\/{rel}","templated":true}]}}