{"id":217302,"date":"2023-08-16T20:01:54","date_gmt":"2023-08-16T23:01:54","guid":{"rendered":"https:\/\/diarioregionaldigital.com.br\/?p=217302"},"modified":"2023-08-16T20:01:54","modified_gmt":"2023-08-16T23:01:54","slug":"cerca-de-27-bairros-receberam-capina-na-ultima-semana","status":"publish","type":"post","link":"https:\/\/diarioregionaldigital.com.br\/?p=217302","title":{"rendered":"Cerca de  27 bairros receberam capina na \u00faltima semana"},"content":{"rendered":"<p>Segundo informa\u00e7\u00f5es do site da Prefeitura de Juiz de Fora (PJF), o \u00a0Departamento Municipal de Limpeza Urbana (Demlurb) da Prefeitura de Juiz de Fora (PJF) realizou a capina em aproximadamente 70 ruas na \u00faltima semana. No per\u00edodo de 7 a 14 de agosto, o servi\u00e7o alcan\u00e7ou 27 bairros, contemplando todas as regi\u00f5es de planejamento da cidade.<\/p>\n<p>A fim de intensificar a capacidade de atendimento, o Demlurb tamb\u00e9m realiza os servi\u00e7os de capina noturna. Outras atividades como varri\u00e7\u00e3o, recolhimento e lava\u00e7\u00e3o tamb\u00e9m foram realizadas neste per\u00edodo.<\/p>\n<p>A programa\u00e7\u00e3o di\u00e1ria pode ser consultada no Portal PJF atrav\u00e9s do\u00a0<a href=\"https:\/\/www.pjf.mg.gov.br\/gabinetecomunitario\/\"><strong>Gabinete de A\u00e7\u00e3o e Di\u00e1logo Comunit\u00e1rio (Gadc)<\/strong>.<\/a>\u00a0J\u00e1 as solicita\u00e7\u00f5es de servi\u00e7os em vias p\u00fablicas como capina, varri\u00e7\u00e3o e recolhimento devem ser feitas por WhatsApp ou liga\u00e7\u00e3o para o Gadc em (32) 3690-7241.<\/p>\n<p><strong>Confira os bairros que receberam capina:<\/strong><\/p>\n<p>Aeroporto<\/p>\n<p>Benfica<\/p>\n<p>Cai\u00e7aras<\/p>\n<p>Cascatinha<\/p>\n<p>Centen\u00e1rio<\/p>\n<p>Costa Carvalho<\/p>\n<p>Eldorado<\/p>\n<p>Grama<\/p>\n<p>Graminha<\/p>\n<p>Granjas Bet\u00e2nia<\/p>\n<p>Jardim Natal<\/p>\n<p>Maril\u00e2ndia<\/p>\n<p>Marumbi<\/p>\n<p>Milho Branco<\/p>\n<p>Morro Da Gl\u00f3ria<\/p>\n<p>Nova Era<\/p>\n<p>Novo Triunfo<\/p>\n<p>Parque Das Samambaias<\/p>\n<p>Parque Independ\u00eancia<\/p>\n<p>Santa Rita De C\u00e1ssia<\/p>\n<p>Santa Terezinha<\/p>\n<p>Santo Ant\u00f4nio<\/p>\n<p>Santos Dumont<\/p>\n<p>S\u00e3o Pedro<\/p>\n<p>S\u00e3o Tarc\u00edsio<\/p>\n<p>Serra D&#8217;agua<\/p>\n<p>Vina Del Mar<\/p>\n","protected":false},"excerpt":{"rendered":"<p>Segundo informa\u00e7\u00f5es do site da Prefeitura de Juiz de Fora (PJF), o \u00a0Departamento Municipal de Limpeza Urbana (Demlurb) da Prefeitura de Juiz de Fora (PJF) realizou a capina em aproximadamente 70 ruas na \u00faltima semana. No per\u00edodo de 7 a 14 de agosto, o servi\u00e7o alcan\u00e7ou 27 bairros, contemplando todas as regi\u00f5es de planejamento da [&hellip;]<\/p>\n","protected":false},"author":246,"featured_media":217303,"comment_status":"closed","ping_status":"closed","sticky":false,"template":"","format":"standard","meta":{"footnotes":""},"categories":[253,436,439],"tags":[],"class_list":["post-217302","post","type-post","status-publish","format-standard","has-post-thumbnail","hentry","category-cidade","category-destaque-da-semana","category-ultima-hora"],"_links":{"self":[{"href":"https:\/\/diarioregionaldigital.com.br\/index.php?rest_route=\/wp\/v2\/posts\/217302","targetHints":{"allow":["GET"]}}],"collection":[{"href":"https:\/\/diarioregionaldigital.com.br\/index.php?rest_route=\/wp\/v2\/posts"}],"about":[{"href":"https:\/\/diarioregionaldigital.com.br\/index.php?rest_route=\/wp\/v2\/types\/post"}],"author":[{"embeddable":true,"href":"https:\/\/diarioregionaldigital.com.br\/index.php?rest_route=\/wp\/v2\/users\/246"}],"replies":[{"embeddable":true,"href":"https:\/\/diarioregionaldigital.com.br\/index.php?rest_route=%2Fwp%2Fv2%2Fcomments&post=217302"}],"version-history":[{"count":1,"href":"https:\/\/diarioregionaldigital.com.br\/index.php?rest_route=\/wp\/v2\/posts\/217302\/revisions"}],"predecessor-version":[{"id":217304,"href":"https:\/\/diarioregionaldigital.com.br\/index.php?rest_route=\/wp\/v2\/posts\/217302\/revisions\/217304"}],"wp:featuredmedia":[{"embeddable":true,"href":"https:\/\/diarioregionaldigital.com.br\/index.php?rest_route=\/wp\/v2\/media\/217303"}],"wp:attachment":[{"href":"https:\/\/diarioregionaldigital.com.br\/index.php?rest_route=%2Fwp%2Fv2%2Fmedia&parent=217302"}],"wp:term":[{"taxonomy":"category","embeddable":true,"href":"https:\/\/diarioregionaldigital.com.br\/index.php?rest_route=%2Fwp%2Fv2%2Fcategories&post=217302"},{"taxonomy":"post_tag","embeddable":true,"href":"https:\/\/diarioregionaldigital.com.br\/index.php?rest_route=%2Fwp%2Fv2%2Ftags&post=217302"}],"curies":[{"name":"wp","href":"https:\/\/api.w.org\/{rel}","templated":true}]}}