{"id":217299,"date":"2023-08-16T19:59:30","date_gmt":"2023-08-16T22:59:30","guid":{"rendered":"https:\/\/diarioregionaldigital.com.br\/?p=217299"},"modified":"2023-08-16T19:59:30","modified_gmt":"2023-08-16T22:59:30","slug":"campanha-de-popularizacao-do-teatro-oferece-14-espetaculos-esta-semana","status":"publish","type":"post","link":"https:\/\/diarioregionaldigital.com.br\/?p=217299","title":{"rendered":"Campanha de Populariza\u00e7\u00e3o do Teatro oferece 14 espet\u00e1culos esta semana"},"content":{"rendered":"<p>Segundo informa\u00e7\u00f5es do site da Prefeitura de Juiz de Fora (PJF), a\u00a020\u00aa Campanha de Populariza\u00e7\u00e3o Teatro &amp; Dan\u00e7a segue at\u00e9 o pr\u00f3ximo dia 31, com o desafio de formar plateias e democratizar o acesso de artistas e do p\u00fablico aos equipamentos culturais da cidade. Somente nesta semana, a programa\u00e7\u00e3o oferece 14 espet\u00e1culos, com op\u00e7\u00f5es para crian\u00e7as e adultos em dias e hor\u00e1rios diversos.<\/p>\n<p>O evento \u00e9 promovido\u00a0pelo Sindicato dos Produtores de Artes C\u00eanicas de Minas Gerais (Sinparc) e pela\u00a0Associa\u00e7\u00e3o de Produtores de Artes C\u00eanicas de Juiz de Fora (Apac-JF), com apoio da Prefeitura de Juiz de Fora (PJF), por meio da Funda\u00e7\u00e3o Cultural Alfredo Ferreira Lage (Funalfa).\u00a0Os ingressos, com pre\u00e7os promocionais, podem ser adquiridos no trailer da Apac, instalado no Parque Halfeld, em frente ao Pa\u00e7o Municipal. O posto de venda funciona de segunda a sexta-feira, das 10h \u00e0s 19h, aos s\u00e1bados, das 10h \u00e0s 19h, e aos domingos, das 14h \u00e0s 19h.<\/p>\n<p><strong>Programa\u00e7\u00e3o da semana:<\/strong><\/p>\n<p><strong>&#8211; Dia 17 \u2013 Quinta-feira | Teatro Solar \u2013 20h<\/strong><\/p>\n<p>\u201cBye Bye Bang\u00fa\u201d \u2013 Splat Produ\u00e7\u00f5es, Cl\u00e1udio Tizzo, A\/R Produ\u00e7\u00e3o Cultural | 14 anos | 70 minutos<\/p>\n<p><strong>&#8211; Dia 18 \u2013 Sexta-feira | Pra\u00e7a CEU \u2013 18h<\/strong><\/p>\n<p>\u201cA Morte do Boi\u201d \u2013 Cia. F\u00f3rum | Livre | 50 minutos<\/p>\n<p><strong>&#8211; Dia 18 \u2013 Sexta-feira | Cine-Theatro Central \u2013 20h<\/strong><\/p>\n<p>\u201cEles e a Mineira \u2013 Tributo a Clara Nunes\u201d \u2013 Grupo Alexandre Pereira e Marcus Amaral | Livre | 100 minutos<\/p>\n<p><strong>&#8211; Dias 18, 19 e 20 \u2013 Sexta-feira, s\u00e1bado e domingo \u2013 Tenetehara Instituto Cultural &#8211; 19h<\/strong><\/p>\n<p>\u201cSeu Z\u00e9\u201d \u2013 Ax\u00e9 Deles| 10 anos | 55 minutos<\/p>\n<p><strong>&#8211; Dias 18, 19 e 20 \u2013 Sexta-feira, s\u00e1bado e domingo \u2013 Museu Ferrovi\u00e1rio \u2013 19h<\/strong><\/p>\n<p>\u201cInf\u00e2ncia \u2013 Caixas da Mem\u00f3ria\u201d | Teatro Mezcla | 10 anos | 60 minutos<\/p>\n<p><strong>&#8211; Dia 19 \u2013 S\u00e1bado | Teatro Paschoal Carlos Magno \u2013 16h<\/strong><\/p>\n<p>\u201cCrian\u00e7a tem Cada Uma\u201d \u2013 Cia. Cl\u00e1udio Ramos | Livre | 50 minutos<\/p>\n<p><strong>&#8211; Dia 19 \u2013 S\u00e1bado | Teatro Paschoal Carlos Magno \u2013 21h<\/strong><\/p>\n<p>\u201cA Loucura de Eva\u201d \u2013 DuoGT Cria\u00e7\u00f5es Art\u00edsticas | 16 anos | 45 minutos<\/p>\n<p><strong>&#8211; Dias 19 e 20 \u2013 S\u00e1bado e domingo | Forum da Cultura \u2013 17h<\/strong><\/p>\n<p>\u201cA Menina Ventania\u201d \u2013 Grupo Divulga\u00e7\u00e3o | Livre | 60 minutos<\/p>\n<p><strong>&#8211; Dia 20 \u2013 Domingo | Teatro Paschoal Carlos Magno &#8211; 16h<\/strong><\/p>\n<p>\u201cCirco de S\u00f3 Ele\u201d &#8211; Cia. Tripan\u00f3ssomos | Livre | 60 minutos<\/p>\n<p><strong>&#8211; Dia 20 \u2013 Domingo | Museu Ferrovi\u00e1rio &#8211; 16h<\/strong><\/p>\n<p>\u201cEspet\u00e1culo M\u00e1gico\u201d \u2013 Grupo M\u00e1gico Duda | Livre | 50 minutos<\/p>\n<p><strong>&#8211; Dia 20 \u2013 Domingo | Pra\u00e7a CEU &#8211; 16h<\/strong><\/p>\n<p>\u201cTube da Tchurma\u201d \u2013 Grupo Tube da Tchurma | Livre | 60 minutos<\/p>\n<p><strong>&#8211; Dia 20 \u2013 Domingo | Museu do Cr\u00e9dito Real \u2013 18h e 20h (duas sess\u00f5es)<\/strong><\/p>\n<p>\u201cO Marinheiro\u201d \u2013 Grupo CriArte | 12 anos | 60 minutos<\/p>\n<p><strong>&#8211; Dia 20 \u2013 Domingo | Teatro Paschoal Carlos Magno &#8211; 19h<\/strong><\/p>\n<p>\u201cM\u00e1gicas e Tonteiras\u201d \u2013 V.A. Produ\u00e7\u00e3o Cultural | Livre | 50 minutos<\/p>\n<p><strong>&#8211; Dia 20 \u2013 Domingo | Teatro Paschoal Carlos Magno &#8211; 21h<\/strong><\/p>\n<p>\u201cDeu Pojo\u201d \u2013 Deu Pojo Stand Up Comedy| 16 anos | 60 minutos<\/p>\n","protected":false},"excerpt":{"rendered":"<p>Segundo informa\u00e7\u00f5es do site da Prefeitura de Juiz de Fora (PJF), a\u00a020\u00aa Campanha de Populariza\u00e7\u00e3o Teatro &amp; Dan\u00e7a segue at\u00e9 o pr\u00f3ximo dia 31, com o desafio de formar plateias e democratizar o acesso de artistas e do p\u00fablico aos equipamentos culturais da cidade. Somente nesta semana, a programa\u00e7\u00e3o oferece 14 espet\u00e1culos, com op\u00e7\u00f5es para [&hellip;]<\/p>\n","protected":false},"author":246,"featured_media":217300,"comment_status":"closed","ping_status":"closed","sticky":false,"template":"","format":"standard","meta":{"footnotes":""},"categories":[253,436,439],"tags":[],"class_list":["post-217299","post","type-post","status-publish","format-standard","has-post-thumbnail","hentry","category-cidade","category-destaque-da-semana","category-ultima-hora"],"_links":{"self":[{"href":"https:\/\/diarioregionaldigital.com.br\/index.php?rest_route=\/wp\/v2\/posts\/217299","targetHints":{"allow":["GET"]}}],"collection":[{"href":"https:\/\/diarioregionaldigital.com.br\/index.php?rest_route=\/wp\/v2\/posts"}],"about":[{"href":"https:\/\/diarioregionaldigital.com.br\/index.php?rest_route=\/wp\/v2\/types\/post"}],"author":[{"embeddable":true,"href":"https:\/\/diarioregionaldigital.com.br\/index.php?rest_route=\/wp\/v2\/users\/246"}],"replies":[{"embeddable":true,"href":"https:\/\/diarioregionaldigital.com.br\/index.php?rest_route=%2Fwp%2Fv2%2Fcomments&post=217299"}],"version-history":[{"count":1,"href":"https:\/\/diarioregionaldigital.com.br\/index.php?rest_route=\/wp\/v2\/posts\/217299\/revisions"}],"predecessor-version":[{"id":217301,"href":"https:\/\/diarioregionaldigital.com.br\/index.php?rest_route=\/wp\/v2\/posts\/217299\/revisions\/217301"}],"wp:featuredmedia":[{"embeddable":true,"href":"https:\/\/diarioregionaldigital.com.br\/index.php?rest_route=\/wp\/v2\/media\/217300"}],"wp:attachment":[{"href":"https:\/\/diarioregionaldigital.com.br\/index.php?rest_route=%2Fwp%2Fv2%2Fmedia&parent=217299"}],"wp:term":[{"taxonomy":"category","embeddable":true,"href":"https:\/\/diarioregionaldigital.com.br\/index.php?rest_route=%2Fwp%2Fv2%2Fcategories&post=217299"},{"taxonomy":"post_tag","embeddable":true,"href":"https:\/\/diarioregionaldigital.com.br\/index.php?rest_route=%2Fwp%2Fv2%2Ftags&post=217299"}],"curies":[{"name":"wp","href":"https:\/\/api.w.org\/{rel}","templated":true}]}}