{"id":217289,"date":"2023-08-16T19:45:25","date_gmt":"2023-08-16T22:45:25","guid":{"rendered":"https:\/\/diarioregionaldigital.com.br\/?p=217289"},"modified":"2023-08-16T19:45:25","modified_gmt":"2023-08-16T22:45:25","slug":"brasil-vence-ira-em-estreia-na-copa-do-mundo-de-futebol-de-cegos","status":"publish","type":"post","link":"https:\/\/diarioregionaldigital.com.br\/?p=217289","title":{"rendered":"Brasil vence Ir\u00e3 em estreia na Copa do Mundo de futebol de cegos"},"content":{"rendered":"<p>O Brasil estreou com vit\u00f3ria na Copa do Mundo de futebol de cegos masculino, disputada em Birmingham (Inglaterra), como parte dos Jogos Mundiais da Ibsa (sigla em ingl\u00eas para Federa\u00e7\u00e3o Internacional de Esportes para Cegos). Nesta quarta-feira (16), o time brasileiro superou o Ir\u00e3 por 1 a 0, em jogo que reeditou a final da Paralimp\u00edada Rio\u00a02016.<img decoding=\"async\" src=\"https:\/\/agenciabrasil.ebc.com.br\/ebc.png?id=1549414&amp;o=node\" \/><img decoding=\"async\" src=\"https:\/\/agenciabrasil.ebc.com.br\/ebc.gif?id=1549414&amp;o=node\" \/><\/p>\n<p>A equipe verde e amarela volta a campo na sexta\u00a0(18), \u00e0s 14h30 (hor\u00e1rio de Bras\u00edlia), contra Marrocos. No mesmo hor\u00e1rio, mas no domingo (20), o advers\u00e1rio ser\u00e1 o M\u00e9xico. O Brasil est\u00e1 no Grupo D. Os dois primeiros em cada chave &#8211; s\u00e3o ao todo quatro grupos &#8211;\u00a0avan\u00e7am \u00e0s quartas de final. Campe\u00e3o, vice e terceiro colocado se garantem na Paralimp\u00edada de Paris, na Fran\u00e7a, em 2024. Os jogos da Copa do Mundo t\u00eam\u00a0<a href=\"https:\/\/www.youtube.com\/@internationalblindsportsfe7490\"><strong>transmiss\u00e3o online ao vivo\u00a0<\/strong><\/a>no canal da Ibsa no YouTube.<\/p>\n<p>Atual campe\u00e3o e dono de cinco t\u00edtulos, o Brasil chegou \u00e0 vit\u00f3ria sobre os iranianos com um gol de C\u00e1ssio, cobrando p\u00eanalti, faltando pouco mais de um minuto para o intervalo. No futebol de cegos, as partidas s\u00e3o realizadas em dois tempos de 15 minutos, em um campo com as mesmas dimens\u00f5es de uma quadra de futsal.<\/p>\n<p>C\u00e1ssio, ali\u00e1s, \u00e9 um dos veteranos da equipe brasileira em Birmingham. Ele e Jefinho estiveram presente nos t\u00edtulos de 2010, 2014 e 2018 e buscam o tetracampeonato mundial, assim como o t\u00e9cnico F\u00e1bio Vasconcelos, que venceu a Copa do Mundo como goleiro (\u00fanica posi\u00e7\u00e3o do futebol de cegos em que o atleta enxerga) em 2010 e treinador nas duas conquistas seguintes.<\/p>\n<p>O Mundial masculino teve in\u00edcio na ter\u00e7a-feira (15), enquanto o feminino, realizado pela primeira vez, come\u00e7ou na segunda-feira (14) &#8211; este sem participa\u00e7\u00e3o do Brasil. A competi\u00e7\u00e3o segue at\u00e9 o pr\u00f3ximo dia 25 de agosto.<\/p>\n<p><span style=\"font-weight: 400;\"><br \/>\n<\/span><span style=\"font-weight: 400;\">Fonte: Ag\u00eancia Brasil <\/span><\/p>\n","protected":false},"excerpt":{"rendered":"<p>O Brasil estreou com vit\u00f3ria na Copa do Mundo de futebol de cegos masculino, disputada em Birmingham (Inglaterra), como parte dos Jogos Mundiais da Ibsa (sigla em ingl\u00eas para Federa\u00e7\u00e3o Internacional de Esportes para Cegos). Nesta quarta-feira (16), o time brasileiro superou o Ir\u00e3 por 1 a 0, em jogo que reeditou a final da [&hellip;]<\/p>\n","protected":false},"author":246,"featured_media":217290,"comment_status":"closed","ping_status":"closed","sticky":false,"template":"","format":"standard","meta":{"footnotes":""},"categories":[436,440,257,439],"tags":[],"class_list":["post-217289","post","type-post","status-publish","format-standard","has-post-thumbnail","hentry","category-destaque-da-semana","category-destaques-do-dia","category-esporte","category-ultima-hora"],"_links":{"self":[{"href":"https:\/\/diarioregionaldigital.com.br\/index.php?rest_route=\/wp\/v2\/posts\/217289","targetHints":{"allow":["GET"]}}],"collection":[{"href":"https:\/\/diarioregionaldigital.com.br\/index.php?rest_route=\/wp\/v2\/posts"}],"about":[{"href":"https:\/\/diarioregionaldigital.com.br\/index.php?rest_route=\/wp\/v2\/types\/post"}],"author":[{"embeddable":true,"href":"https:\/\/diarioregionaldigital.com.br\/index.php?rest_route=\/wp\/v2\/users\/246"}],"replies":[{"embeddable":true,"href":"https:\/\/diarioregionaldigital.com.br\/index.php?rest_route=%2Fwp%2Fv2%2Fcomments&post=217289"}],"version-history":[{"count":1,"href":"https:\/\/diarioregionaldigital.com.br\/index.php?rest_route=\/wp\/v2\/posts\/217289\/revisions"}],"predecessor-version":[{"id":217291,"href":"https:\/\/diarioregionaldigital.com.br\/index.php?rest_route=\/wp\/v2\/posts\/217289\/revisions\/217291"}],"wp:featuredmedia":[{"embeddable":true,"href":"https:\/\/diarioregionaldigital.com.br\/index.php?rest_route=\/wp\/v2\/media\/217290"}],"wp:attachment":[{"href":"https:\/\/diarioregionaldigital.com.br\/index.php?rest_route=%2Fwp%2Fv2%2Fmedia&parent=217289"}],"wp:term":[{"taxonomy":"category","embeddable":true,"href":"https:\/\/diarioregionaldigital.com.br\/index.php?rest_route=%2Fwp%2Fv2%2Fcategories&post=217289"},{"taxonomy":"post_tag","embeddable":true,"href":"https:\/\/diarioregionaldigital.com.br\/index.php?rest_route=%2Fwp%2Fv2%2Ftags&post=217289"}],"curies":[{"name":"wp","href":"https:\/\/api.w.org\/{rel}","templated":true}]}}