{"id":217282,"date":"2023-08-16T19:24:53","date_gmt":"2023-08-16T22:24:53","guid":{"rendered":"https:\/\/diarioregionaldigital.com.br\/?p=217282"},"modified":"2023-08-16T19:37:33","modified_gmt":"2023-08-16T22:37:33","slug":"governo-ainda-busca-identificar-causas-do-apagao","status":"publish","type":"post","link":"https:\/\/diarioregionaldigital.com.br\/?p=217282","title":{"rendered":"Governo ainda busca identificar causas do apag\u00e3o"},"content":{"rendered":"<p>As principais autoridades do sistema el\u00e9trico brasileiro continuam tentando identificar as causas e os reflexos do\u00a0<a href=\"https:\/\/agenciabrasil.ebc.com.br\/geral\/noticia\/2023-08\/ons-confirma-queda-de-energia-em-varios-estados-brasileiros\" target=\"_blank\" rel=\"noopener\">apag\u00e3o energ\u00e9tico<\/a>\u00a0que, nesta ter\u00e7a-feira (15), deixou cerca de 29 milh\u00f5es de brasileiros sem energia em quase todo o pa\u00eds, com exce\u00e7\u00e3o do estado de Roraima.<img decoding=\"async\" src=\"https:\/\/agenciabrasil.ebc.com.br\/ebc.png?id=1549287&amp;o=node\" \/><img decoding=\"async\" src=\"https:\/\/agenciabrasil.ebc.com.br\/ebc.gif?id=1549287&amp;o=node\" \/><\/p>\n<p>Em Bras\u00edlia, o ministro de Minas e Energia, Alexandre Silveira, est\u00e1 reunido desde as 9h com o diretor-geral do Operador Nacional do Sistema El\u00e9trico (ONS), Luiz Carlos Ciocchi, e a presidente interina da Empresa de Pesquisa Energ\u00e9tica (EPE), Angela Regina Livino de Carvalho.<\/p>\n<p>Segundo o governo federal, o problema pode ter come\u00e7ado devido \u00e0 ocorr\u00eancia de dois eventos simult\u00e2neos: um no Cear\u00e1 e outro em um ponto do sistema ainda n\u00e3o identificado. No Cear\u00e1, a ocorr\u00eancia causou uma falha operacional, afetando a interliga\u00e7\u00e3o da rede entre as regi\u00f5es Norte e Sudeste, que gerou uma rea\u00e7\u00e3o em cadeia, for\u00e7ando a interrup\u00e7\u00e3o do fornecimento energ\u00e9tico para as regi\u00f5es Sul e Sudeste como forma de evitar maiores danos ao sistema.<\/p>\n<p>De acordo com o ONS, a interrup\u00e7\u00e3o do servi\u00e7o come\u00e7ou por volta das 8h31 de ter\u00e7a-feira, em quase todo o pa\u00eds, e o fornecimento de\u00a0<a href=\"https:\/\/agenciabrasil.ebc.com.br\/geral\/noticia\/2023-08\/energia-eletrica-foi-restabelecida-em-todas-capitais\" target=\"_blank\" rel=\"noopener\">energia s\u00f3 foi restabelecido \u00e0s 14h49<\/a>. O operador deve apresentar um relat\u00f3rio preliminar sobre as prov\u00e1veis causas do problema at\u00e9 esta quinta-feira (17).<\/p>\n<p>Ainda na tarde de ter\u00e7a-feira, o ministro Alexandre Silveira classificou a ocorr\u00eancia como \u201cum evento extremamente raro\u201d. Al\u00e9m das provid\u00eancias adotadas no \u00e2mbito do Minist\u00e9rio de Minas e Energia, Silveira disse que pedir\u00e1 ao Minist\u00e9rio da Justi\u00e7a e Seguran\u00e7a P\u00fablica para que a Pol\u00edcia Federal investigue o ocorrido e \u00e0 Ag\u00eancia Brasileira de Intelig\u00eancia (Abin) que acompanhe a apura\u00e7\u00e3o.<\/p>\n<p>O Minist\u00e9rio da Justi\u00e7a informou que recebeu o pedido oficial de investiga\u00e7\u00e3o do MME\u00a0e, ainda nesta quarta-feira, encaminha \u00e0 Pol\u00edcia Federal. A Abin n\u00e3o respondeu \u00e0 reportagem at\u00e9 o momento.<\/p>\n<p>Na manh\u00e3 desta quarta-feira, ao participar do programa\u00a0<em>Bom Dia Ministro<\/em>, no\u00a0<strong>Canal Gov<\/strong>, o\u00a0<a href=\"https:\/\/agenciabrasil.ebc.com.br\/economia\/noticia\/2023-08\/queda-de-energia-se-deve-a-erro-ou-falha-tenica-diz-rui-costa\" target=\"_blank\" rel=\"noopener\">ministro da Casa Civil, Rui Costa<\/a>, confirmou que ainda n\u00e3o h\u00e1 explica\u00e7\u00f5es para a queda de energia. \u201cFalei hoje pela manh\u00e3 com o ministro de Minas e Energia [Alexandre Silveira]. Estamos determinados e cobrando urg\u00eancia para o detalhamento das causas desse apag\u00e3o. N\u00e3o h\u00e1 raz\u00e3o para este apag\u00e3o\u201d, disse Costa, afirmando confiar no sistema el\u00e9trico nacional.<\/p>\n<p>Para o ministro da Casa Civil, o problema n\u00e3o se deve \u00e0 falta de capacidade de gera\u00e7\u00e3o, mas a prov\u00e1vel erro ou falha t\u00e9cnica, o que est\u00e1 sendo apurado.<\/p>\n<p><span style=\"font-weight: 400;\">Fonte: Ag\u00eancia Brasil <\/span><\/p>\n","protected":false},"excerpt":{"rendered":"<p>As principais autoridades do sistema el\u00e9trico brasileiro continuam tentando identificar as causas e os reflexos do\u00a0apag\u00e3o energ\u00e9tico\u00a0que, nesta ter\u00e7a-feira (15), deixou cerca de 29 milh\u00f5es de brasileiros sem energia em quase todo o pa\u00eds, com exce\u00e7\u00e3o do estado de Roraima. Em Bras\u00edlia, o ministro de Minas e Energia, Alexandre Silveira, est\u00e1 reunido desde as 9h [&hellip;]<\/p>\n","protected":false},"author":246,"featured_media":217283,"comment_status":"closed","ping_status":"closed","sticky":false,"template":"","format":"standard","meta":{"footnotes":""},"categories":[436,440,261,439],"tags":[],"class_list":["post-217282","post","type-post","status-publish","format-standard","has-post-thumbnail","hentry","category-destaque-da-semana","category-destaques-do-dia","category-economia","category-ultima-hora"],"_links":{"self":[{"href":"https:\/\/diarioregionaldigital.com.br\/index.php?rest_route=\/wp\/v2\/posts\/217282","targetHints":{"allow":["GET"]}}],"collection":[{"href":"https:\/\/diarioregionaldigital.com.br\/index.php?rest_route=\/wp\/v2\/posts"}],"about":[{"href":"https:\/\/diarioregionaldigital.com.br\/index.php?rest_route=\/wp\/v2\/types\/post"}],"author":[{"embeddable":true,"href":"https:\/\/diarioregionaldigital.com.br\/index.php?rest_route=\/wp\/v2\/users\/246"}],"replies":[{"embeddable":true,"href":"https:\/\/diarioregionaldigital.com.br\/index.php?rest_route=%2Fwp%2Fv2%2Fcomments&post=217282"}],"version-history":[{"count":2,"href":"https:\/\/diarioregionaldigital.com.br\/index.php?rest_route=\/wp\/v2\/posts\/217282\/revisions"}],"predecessor-version":[{"id":217288,"href":"https:\/\/diarioregionaldigital.com.br\/index.php?rest_route=\/wp\/v2\/posts\/217282\/revisions\/217288"}],"wp:featuredmedia":[{"embeddable":true,"href":"https:\/\/diarioregionaldigital.com.br\/index.php?rest_route=\/wp\/v2\/media\/217283"}],"wp:attachment":[{"href":"https:\/\/diarioregionaldigital.com.br\/index.php?rest_route=%2Fwp%2Fv2%2Fmedia&parent=217282"}],"wp:term":[{"taxonomy":"category","embeddable":true,"href":"https:\/\/diarioregionaldigital.com.br\/index.php?rest_route=%2Fwp%2Fv2%2Fcategories&post=217282"},{"taxonomy":"post_tag","embeddable":true,"href":"https:\/\/diarioregionaldigital.com.br\/index.php?rest_route=%2Fwp%2Fv2%2Ftags&post=217282"}],"curies":[{"name":"wp","href":"https:\/\/api.w.org\/{rel}","templated":true}]}}