{"id":217266,"date":"2023-08-16T00:16:23","date_gmt":"2023-08-16T03:16:23","guid":{"rendered":"https:\/\/diarioregionaldigital.com.br\/?p=217266"},"modified":"2023-08-16T00:16:23","modified_gmt":"2023-08-16T03:16:23","slug":"dia-nacional-de-luta-da-populacao-em-situacao-de-rua-e-marcado-por-atividades-de-conscientizacao","status":"publish","type":"post","link":"https:\/\/diarioregionaldigital.com.br\/?p=217266","title":{"rendered":"Dia Nacional de Luta da Popula\u00e7\u00e3o em Situa\u00e7\u00e3o de Rua \u00e9 marcado por atividades de conscientiza\u00e7\u00e3o"},"content":{"rendered":"<p>Segundo informa\u00e7\u00f5es do site da Prefeitura de Juiz de Fora (PJF), neste s\u00e1bado, 19 de agosto, \u00e9 celebrado o Dia Nacional de Luta da Popula\u00e7\u00e3o em Situa\u00e7\u00e3o de Rua. A data lembra o \u201cMassacre da S\u00e9\u201d em 2004, no qual sete pessoas foram assassinadas e oito ficaram gravemente feridas enquanto dormiam na regi\u00e3o da Pra\u00e7a da S\u00e9, na capital paulista. Lembrar do ocorrido \u00e9 um marco importante na busca por garantia de direitos das pessoas que vivem em situa\u00e7\u00e3o de rua, das institui\u00e7\u00f5es que trabalham promovendo a\u00e7\u00f5es de cuidado, de prote\u00e7\u00e3o dos direitos sociais e de garantia do acesso \u00e0s demais pol\u00edticas p\u00fablicas.<\/p>\n<p>Para marcar a data, a Secretaria de Assist\u00eancia Social (SAS) da Prefeitura de Juiz de Fora (PJF), em parceria com os servi\u00e7os especializados da prote\u00e7\u00e3o social especial, ir\u00e1 promover duas a\u00e7\u00f5es para conferir visibilidade a essas pessoas e ao trabalho desenvolvido na busca por garantia de direitos.<\/p>\n<p>Nesta sexta,18, das 10h \u00e0s 12h, ser\u00e1 realizada uma a\u00e7\u00e3o de conscientiza\u00e7\u00e3o na Pra\u00e7a da Esta\u00e7\u00e3o. As atividades ter\u00e3o in\u00edcio com o ato simb\u00f3lico marcado pelo painel \u201cEu estou aqui\u201d. Trata-se de uma arte do contorno do mapa de Juiz de Fora pintado pelas m\u00e3os dos assistidos dos equipamentos da assist\u00eancia social. Logo ap\u00f3s ser\u00e3o ofertadas orienta\u00e7\u00e3o sobre os servi\u00e7os para pessoas em situa\u00e7\u00e3o de rua, encaminhamentos e ofertas dos servi\u00e7os do Centro de Refer\u00eancia Especializado para Popula\u00e7\u00e3o em Situa\u00e7\u00e3o de Rua (Centro Pop), Servi\u00e7o Especializado em Abordagem Social (Seas), N\u00facleos de Conviv\u00eancia para Adultos em Situa\u00e7\u00e3o de Rua (Centro e Norte) em parceria com o Consult\u00f3rio na Rua, Centro de Aten\u00e7\u00e3o Psicossocial (Cap AD) e Secretaria de Direitos Humanos (SEDH).<\/p>\n<p>J\u00e1 na segunda-feira, 21, \u00e0s 14h, os servidores do Centro de Refer\u00eancia de Assist\u00eancia Social (Cras) e Centro de Refer\u00eancia de Assist\u00eancia Social (Creas) ir\u00e3o participar de uma capacita\u00e7\u00e3o sobre os servi\u00e7os de m\u00e9dia e alta complexidade da assist\u00eancia social para pessoas em em situa\u00e7\u00e3o de rua em Juiz de Fora. O encontro ser\u00e1 na Casa dos Conselhos, Rua Halfeld,\u00a0450\/ 7\u00ba andar, Centro.<\/p>\n","protected":false},"excerpt":{"rendered":"<p>Segundo informa\u00e7\u00f5es do site da Prefeitura de Juiz de Fora (PJF), neste s\u00e1bado, 19 de agosto, \u00e9 celebrado o Dia Nacional de Luta da Popula\u00e7\u00e3o em Situa\u00e7\u00e3o de Rua. A data lembra o \u201cMassacre da S\u00e9\u201d em 2004, no qual sete pessoas foram assassinadas e oito ficaram gravemente feridas enquanto dormiam na regi\u00e3o da Pra\u00e7a [&hellip;]<\/p>\n","protected":false},"author":246,"featured_media":217267,"comment_status":"closed","ping_status":"closed","sticky":false,"template":"","format":"standard","meta":{"footnotes":""},"categories":[253,436,440,439],"tags":[],"class_list":["post-217266","post","type-post","status-publish","format-standard","has-post-thumbnail","hentry","category-cidade","category-destaque-da-semana","category-destaques-do-dia","category-ultima-hora"],"_links":{"self":[{"href":"https:\/\/diarioregionaldigital.com.br\/index.php?rest_route=\/wp\/v2\/posts\/217266","targetHints":{"allow":["GET"]}}],"collection":[{"href":"https:\/\/diarioregionaldigital.com.br\/index.php?rest_route=\/wp\/v2\/posts"}],"about":[{"href":"https:\/\/diarioregionaldigital.com.br\/index.php?rest_route=\/wp\/v2\/types\/post"}],"author":[{"embeddable":true,"href":"https:\/\/diarioregionaldigital.com.br\/index.php?rest_route=\/wp\/v2\/users\/246"}],"replies":[{"embeddable":true,"href":"https:\/\/diarioregionaldigital.com.br\/index.php?rest_route=%2Fwp%2Fv2%2Fcomments&post=217266"}],"version-history":[{"count":1,"href":"https:\/\/diarioregionaldigital.com.br\/index.php?rest_route=\/wp\/v2\/posts\/217266\/revisions"}],"predecessor-version":[{"id":217268,"href":"https:\/\/diarioregionaldigital.com.br\/index.php?rest_route=\/wp\/v2\/posts\/217266\/revisions\/217268"}],"wp:featuredmedia":[{"embeddable":true,"href":"https:\/\/diarioregionaldigital.com.br\/index.php?rest_route=\/wp\/v2\/media\/217267"}],"wp:attachment":[{"href":"https:\/\/diarioregionaldigital.com.br\/index.php?rest_route=%2Fwp%2Fv2%2Fmedia&parent=217266"}],"wp:term":[{"taxonomy":"category","embeddable":true,"href":"https:\/\/diarioregionaldigital.com.br\/index.php?rest_route=%2Fwp%2Fv2%2Fcategories&post=217266"},{"taxonomy":"post_tag","embeddable":true,"href":"https:\/\/diarioregionaldigital.com.br\/index.php?rest_route=%2Fwp%2Fv2%2Ftags&post=217266"}],"curies":[{"name":"wp","href":"https:\/\/api.w.org\/{rel}","templated":true}]}}