{"id":217263,"date":"2023-08-16T00:06:36","date_gmt":"2023-08-16T03:06:36","guid":{"rendered":"https:\/\/diarioregionaldigital.com.br\/?p=217263"},"modified":"2023-08-16T00:06:36","modified_gmt":"2023-08-16T03:06:36","slug":"espanha-bate-suecia-e-disputa-final-da-copa-feminina-pela-primeira-vez","status":"publish","type":"post","link":"https:\/\/diarioregionaldigital.com.br\/?p=217263","title":{"rendered":"Espanha bate Su\u00e9cia e disputa final da Copa feminina pela primeira vez"},"content":{"rendered":"<p>A Espanha garantiu presen\u00e7a na final da Copa do Mundo de futebol feminino ap\u00f3s derrotar a Su\u00e9cia, no in\u00edcio da manh\u00e3 desta ter\u00e7a-feira (15) no Eden Park, em Auckland, na Nova Zel\u00e2ndia. Agora, a F\u00faria decide o t\u00edtulo da competi\u00e7\u00e3o com o vencedor de Inglaterra e Austr\u00e1lia, que fazem a outra semifinal da competi\u00e7\u00e3o na pr\u00f3xima quarta-feira (14).<img decoding=\"async\" src=\"https:\/\/agenciabrasil.ebc.com.br\/ebc.png?id=1548827&amp;o=node\" \/><img decoding=\"async\" src=\"https:\/\/agenciabrasil.ebc.com.br\/ebc.gif?id=1548827&amp;o=node\" \/><\/p>\n<p>Na partida, que teve a brasileira Edna Alves na arbitragem, a Espanha foi superior desde o princ\u00edpio, abusando da troca de passes para manter o dom\u00ednio da bola. Com isso, a F\u00faria criou as melhores oportunidades de marcar, mas a \u00f3tima goleira Musovic conseguiu manter o placar inalterado at\u00e9 o intervalo.<\/p>\n<p>Diante de um advers\u00e1rio que mostrou muita for\u00e7a na defesa, a Espanha s\u00f3 conseguiu abrir o placar aos 36 minutos do segundo tempo, quando Hermoso cruzou na \u00e1rea, Andersson cortou mal e a bola sobrou limpa para a jovem atacante Salma Paralluelo, que bateu de primeira para marcar um belo gol.<\/p>\n<p>Mas a Su\u00e9cia estava viva e buscou empate, j\u00e1 aos 43 minutos. Rolfo recebeu na ponta esquerda e deu um chut\u00e3o para o meio da \u00e1rea, onde Lina Hurtig escorou de cabe\u00e7a para Rebecka Blomqvist acertar linda finaliza\u00e7\u00e3o de chapa. Por\u00e9m, n\u00e3o deu tempo nem de comemorar, pois um minuto depois Teresa Abelleira cruzou escanteio rasteiro para a entrada da \u00e1rea, onde a lateral Olga Carmona acertou uma bomba para marcar o gol da vit\u00f3ria e da classifica\u00e7\u00e3o.<\/p>\n<h2>Classifica\u00e7\u00e3o in\u00e9dita<\/h2>\n<p>Esta \u00e9 a primeira vez que a Espanha chega a uma final de Copa do Mundo de futebol feminino. Um poss\u00edvel t\u00edtulo ser\u00e1 a coroa\u00e7\u00e3o de uma talentosa gera\u00e7\u00e3o que conta com v\u00e1rios jovens valores, como Paralluelo, que ajudaram na conquista Copa do Mundo sub-20 em 2022. Al\u00e9m disso, o trof\u00e9u seria uma demonstra\u00e7\u00e3o de supera\u00e7\u00e3o de um elenco que viveu um grande conflito com a federa\u00e7\u00e3o no ciclo de prepara\u00e7\u00e3o para o Mundial.<\/p>\n<div class=\"post-item-wrap\">\n<p>Espanha e o vencedor de Inglaterra e Austr\u00e1lia jogam pelo t\u00edtulo da Copa do Mundo a partir das 7h (hor\u00e1rio de Bras\u00edlia) do pr\u00f3ximo domingo (20) no Est\u00e1dio Ol\u00edmpico de Sidney. J\u00e1 as suecas disputam o terceiro lugar um dia antes.<\/p>\n<\/div>\n<p class=\"alt-font font-italic my-2 small text-info\"><span style=\"font-weight: 400;\">Fonte: Ag\u00eancia Brasil <\/span><\/p>\n","protected":false},"excerpt":{"rendered":"<p>A Espanha garantiu presen\u00e7a na final da Copa do Mundo de futebol feminino ap\u00f3s derrotar a Su\u00e9cia, no in\u00edcio da manh\u00e3 desta ter\u00e7a-feira (15) no Eden Park, em Auckland, na Nova Zel\u00e2ndia. Agora, a F\u00faria decide o t\u00edtulo da competi\u00e7\u00e3o com o vencedor de Inglaterra e Austr\u00e1lia, que fazem a outra semifinal da competi\u00e7\u00e3o na [&hellip;]<\/p>\n","protected":false},"author":246,"featured_media":217264,"comment_status":"closed","ping_status":"closed","sticky":false,"template":"","format":"standard","meta":{"footnotes":""},"categories":[436,257,439],"tags":[],"class_list":["post-217263","post","type-post","status-publish","format-standard","has-post-thumbnail","hentry","category-destaque-da-semana","category-esporte","category-ultima-hora"],"_links":{"self":[{"href":"https:\/\/diarioregionaldigital.com.br\/index.php?rest_route=\/wp\/v2\/posts\/217263","targetHints":{"allow":["GET"]}}],"collection":[{"href":"https:\/\/diarioregionaldigital.com.br\/index.php?rest_route=\/wp\/v2\/posts"}],"about":[{"href":"https:\/\/diarioregionaldigital.com.br\/index.php?rest_route=\/wp\/v2\/types\/post"}],"author":[{"embeddable":true,"href":"https:\/\/diarioregionaldigital.com.br\/index.php?rest_route=\/wp\/v2\/users\/246"}],"replies":[{"embeddable":true,"href":"https:\/\/diarioregionaldigital.com.br\/index.php?rest_route=%2Fwp%2Fv2%2Fcomments&post=217263"}],"version-history":[{"count":1,"href":"https:\/\/diarioregionaldigital.com.br\/index.php?rest_route=\/wp\/v2\/posts\/217263\/revisions"}],"predecessor-version":[{"id":217265,"href":"https:\/\/diarioregionaldigital.com.br\/index.php?rest_route=\/wp\/v2\/posts\/217263\/revisions\/217265"}],"wp:featuredmedia":[{"embeddable":true,"href":"https:\/\/diarioregionaldigital.com.br\/index.php?rest_route=\/wp\/v2\/media\/217264"}],"wp:attachment":[{"href":"https:\/\/diarioregionaldigital.com.br\/index.php?rest_route=%2Fwp%2Fv2%2Fmedia&parent=217263"}],"wp:term":[{"taxonomy":"category","embeddable":true,"href":"https:\/\/diarioregionaldigital.com.br\/index.php?rest_route=%2Fwp%2Fv2%2Fcategories&post=217263"},{"taxonomy":"post_tag","embeddable":true,"href":"https:\/\/diarioregionaldigital.com.br\/index.php?rest_route=%2Fwp%2Fv2%2Ftags&post=217263"}],"curies":[{"name":"wp","href":"https:\/\/api.w.org\/{rel}","templated":true}]}}