{"id":217260,"date":"2023-08-16T00:04:10","date_gmt":"2023-08-16T03:04:10","guid":{"rendered":"https:\/\/diarioregionaldigital.com.br\/?p=217260"},"modified":"2023-08-16T00:04:10","modified_gmt":"2023-08-16T03:04:10","slug":"cbf-divulga-datas-e-horarios-das-semifinais-do-brasileiro-feminino","status":"publish","type":"post","link":"https:\/\/diarioregionaldigital.com.br\/?p=217260","title":{"rendered":"CBF divulga datas e hor\u00e1rios das semifinais do Brasileiro feminino"},"content":{"rendered":"<p>A Confedera\u00e7\u00e3o Brasileira de Futebol (CBF) divulgou, nesta ter\u00e7a-feira (15), os locais e hor\u00e1rios dos jogos das semifinais do Campeonato Brasileiro de futebol feminino. As partidas de ida ser\u00e3o em 27 de agosto, enquanto os confrontos de volta ser\u00e3o realizados em 3 de setembro.<img decoding=\"async\" src=\"https:\/\/agenciabrasil.ebc.com.br\/ebc.png?id=1549133&amp;o=node\" \/><img decoding=\"async\" src=\"https:\/\/agenciabrasil.ebc.com.br\/ebc.gif?id=1549133&amp;o=node\" \/><\/p>\n<p>Na ida, o Santos recebe o Corinthians na Vila Belmiro a partir das 10h30 (hor\u00e1rio de Bras\u00edlia) de 27 de agosto. No mesmo dia e hor\u00e1rio o S\u00e3o Paulo mede for\u00e7as com a Ferrovi\u00e1ria no Est\u00e1dio Bruno Jos\u00e9 Daniel, em Santo Andr\u00e9.<\/p>\n<p>Uma semana depois, em 3 de agosto, as Brabas do Tim\u00e3o recebem a Sereias da Vila no Parque S\u00e3o Jorge, em S\u00e3o Paulo, a partir das 10h30. No mesmo dia e hor\u00e1rio as Guerreiras Gren\u00e1s enfrentam o S\u00e3o Paulo na Fonte Luminosa, em Araraquara.<\/p>\n<p><span style=\"font-weight: 400;\"><br \/>\n<\/span><span style=\"font-weight: 400;\">Fonte: Ag\u00eancia Brasil <\/span><\/p>\n","protected":false},"excerpt":{"rendered":"<p>A Confedera\u00e7\u00e3o Brasileira de Futebol (CBF) divulgou, nesta ter\u00e7a-feira (15), os locais e hor\u00e1rios dos jogos das semifinais do Campeonato Brasileiro de futebol feminino. As partidas de ida ser\u00e3o em 27 de agosto, enquanto os confrontos de volta ser\u00e3o realizados em 3 de setembro. Na ida, o Santos recebe o Corinthians na Vila Belmiro a [&hellip;]<\/p>\n","protected":false},"author":246,"featured_media":217261,"comment_status":"closed","ping_status":"closed","sticky":false,"template":"","format":"standard","meta":{"footnotes":""},"categories":[436,257,439],"tags":[],"class_list":["post-217260","post","type-post","status-publish","format-standard","has-post-thumbnail","hentry","category-destaque-da-semana","category-esporte","category-ultima-hora"],"_links":{"self":[{"href":"https:\/\/diarioregionaldigital.com.br\/index.php?rest_route=\/wp\/v2\/posts\/217260","targetHints":{"allow":["GET"]}}],"collection":[{"href":"https:\/\/diarioregionaldigital.com.br\/index.php?rest_route=\/wp\/v2\/posts"}],"about":[{"href":"https:\/\/diarioregionaldigital.com.br\/index.php?rest_route=\/wp\/v2\/types\/post"}],"author":[{"embeddable":true,"href":"https:\/\/diarioregionaldigital.com.br\/index.php?rest_route=\/wp\/v2\/users\/246"}],"replies":[{"embeddable":true,"href":"https:\/\/diarioregionaldigital.com.br\/index.php?rest_route=%2Fwp%2Fv2%2Fcomments&post=217260"}],"version-history":[{"count":1,"href":"https:\/\/diarioregionaldigital.com.br\/index.php?rest_route=\/wp\/v2\/posts\/217260\/revisions"}],"predecessor-version":[{"id":217262,"href":"https:\/\/diarioregionaldigital.com.br\/index.php?rest_route=\/wp\/v2\/posts\/217260\/revisions\/217262"}],"wp:featuredmedia":[{"embeddable":true,"href":"https:\/\/diarioregionaldigital.com.br\/index.php?rest_route=\/wp\/v2\/media\/217261"}],"wp:attachment":[{"href":"https:\/\/diarioregionaldigital.com.br\/index.php?rest_route=%2Fwp%2Fv2%2Fmedia&parent=217260"}],"wp:term":[{"taxonomy":"category","embeddable":true,"href":"https:\/\/diarioregionaldigital.com.br\/index.php?rest_route=%2Fwp%2Fv2%2Fcategories&post=217260"},{"taxonomy":"post_tag","embeddable":true,"href":"https:\/\/diarioregionaldigital.com.br\/index.php?rest_route=%2Fwp%2Fv2%2Ftags&post=217260"}],"curies":[{"name":"wp","href":"https:\/\/api.w.org\/{rel}","templated":true}]}}