{"id":217254,"date":"2023-08-15T23:59:40","date_gmt":"2023-08-16T02:59:40","guid":{"rendered":"https:\/\/diarioregionaldigital.com.br\/?p=217254"},"modified":"2023-08-15T23:59:40","modified_gmt":"2023-08-16T02:59:40","slug":"brasileiro-athletico-derrota-cuiaba-no-encerramento-da-19a-rodada","status":"publish","type":"post","link":"https:\/\/diarioregionaldigital.com.br\/?p=217254","title":{"rendered":"Brasileiro: Athletico derrota Cuiab\u00e1 no encerramento da 19\u00aa rodada"},"content":{"rendered":"<p>O Athletico-PR derrotou o Cuiab\u00e1 por 2 a 0, na noite desta ter\u00e7a-feira (15) na Arena da Baixada, para assumir a 6\u00aa posi\u00e7\u00e3o do Campeonato Brasileiro. Com a vit\u00f3ria na partida que encerrou a 19\u00aa rodada da competi\u00e7\u00e3o, o Furac\u00e3o chegou aos 31 pontos. J\u00e1 o Dourado permanece com 28, na 8\u00aa coloca\u00e7\u00e3o.<img decoding=\"async\" src=\"https:\/\/agenciabrasil.ebc.com.br\/ebc.png?id=1549236&amp;o=node\" \/><img decoding=\"async\" src=\"https:\/\/agenciabrasil.ebc.com.br\/ebc.gif?id=1549236&amp;o=node\" \/><\/p>\n<p>A etapa inicial do confronto entre Athletico-PR e Cuiab\u00e1 n\u00e3o foi de grandes emo\u00e7\u00f5es. Assim, o placar s\u00f3 foi alterado um pouco antes do intervalo. Aos 44 minutos Khellven virou a bola da direita para a esquerda e encontrou o uruguaio Canobbio, que cabeceou com categoria para superar o goleiro Walter.<\/p>\n<p>Logo aos 6 minutos da etapa final o Furac\u00e3o voltou a colocar a bola no fundo do gol do Dourado, mas o gol do chileno Vidal acabou anulado pelo juiz ap\u00f3s interven\u00e7\u00e3o do VAR (\u00e1rbitro de v\u00eddeo). Assim, a vit\u00f3ria final foi confirmada apenas aos 36 minutos, quando Cuello tocou para o meia-atacante argentino Bruno Zapelli, que bateu firme.<\/p>\n<p><span style=\"font-weight: 400;\">Fonte: Ag\u00eancia Brasil <\/span><\/p>\n","protected":false},"excerpt":{"rendered":"<p>O Athletico-PR derrotou o Cuiab\u00e1 por 2 a 0, na noite desta ter\u00e7a-feira (15) na Arena da Baixada, para assumir a 6\u00aa posi\u00e7\u00e3o do Campeonato Brasileiro. Com a vit\u00f3ria na partida que encerrou a 19\u00aa rodada da competi\u00e7\u00e3o, o Furac\u00e3o chegou aos 31 pontos. J\u00e1 o Dourado permanece com 28, na 8\u00aa coloca\u00e7\u00e3o. A etapa [&hellip;]<\/p>\n","protected":false},"author":246,"featured_media":217255,"comment_status":"closed","ping_status":"closed","sticky":false,"template":"","format":"standard","meta":{"footnotes":""},"categories":[436,440,257,439],"tags":[],"class_list":["post-217254","post","type-post","status-publish","format-standard","has-post-thumbnail","hentry","category-destaque-da-semana","category-destaques-do-dia","category-esporte","category-ultima-hora"],"_links":{"self":[{"href":"https:\/\/diarioregionaldigital.com.br\/index.php?rest_route=\/wp\/v2\/posts\/217254","targetHints":{"allow":["GET"]}}],"collection":[{"href":"https:\/\/diarioregionaldigital.com.br\/index.php?rest_route=\/wp\/v2\/posts"}],"about":[{"href":"https:\/\/diarioregionaldigital.com.br\/index.php?rest_route=\/wp\/v2\/types\/post"}],"author":[{"embeddable":true,"href":"https:\/\/diarioregionaldigital.com.br\/index.php?rest_route=\/wp\/v2\/users\/246"}],"replies":[{"embeddable":true,"href":"https:\/\/diarioregionaldigital.com.br\/index.php?rest_route=%2Fwp%2Fv2%2Fcomments&post=217254"}],"version-history":[{"count":1,"href":"https:\/\/diarioregionaldigital.com.br\/index.php?rest_route=\/wp\/v2\/posts\/217254\/revisions"}],"predecessor-version":[{"id":217256,"href":"https:\/\/diarioregionaldigital.com.br\/index.php?rest_route=\/wp\/v2\/posts\/217254\/revisions\/217256"}],"wp:featuredmedia":[{"embeddable":true,"href":"https:\/\/diarioregionaldigital.com.br\/index.php?rest_route=\/wp\/v2\/media\/217255"}],"wp:attachment":[{"href":"https:\/\/diarioregionaldigital.com.br\/index.php?rest_route=%2Fwp%2Fv2%2Fmedia&parent=217254"}],"wp:term":[{"taxonomy":"category","embeddable":true,"href":"https:\/\/diarioregionaldigital.com.br\/index.php?rest_route=%2Fwp%2Fv2%2Fcategories&post=217254"},{"taxonomy":"post_tag","embeddable":true,"href":"https:\/\/diarioregionaldigital.com.br\/index.php?rest_route=%2Fwp%2Fv2%2Ftags&post=217254"}],"curies":[{"name":"wp","href":"https:\/\/api.w.org\/{rel}","templated":true}]}}