{"id":217241,"date":"2023-08-15T23:44:54","date_gmt":"2023-08-16T02:44:54","guid":{"rendered":"https:\/\/diarioregionaldigital.com.br\/?p=217241"},"modified":"2023-08-15T23:44:54","modified_gmt":"2023-08-16T02:44:54","slug":"haddad-diz-aguardar-reuniao-de-lideres-para-aparar-arestas-com-camara","status":"publish","type":"post","link":"https:\/\/diarioregionaldigital.com.br\/?p=217241","title":{"rendered":"Haddad diz aguardar reuni\u00e3o de l\u00edderes para aparar arestas com C\u00e2mara"},"content":{"rendered":"<p>Em meio a tens\u00f5es com o presidente da C\u00e2mara dos Deputados, Arthur Lira, o ministro da Fazenda, Fernando Haddad, reuniu-se com o presidente do Senado, Rodrigo Pacheco, no fim da tarde desta ter\u00e7a-feira (15). O ministro disse que pretende aproveitar a reuni\u00e3o de l\u00edderes remarcada para a pr\u00f3xima segunda-feira (21) para aparar as arestas com os deputados.<img decoding=\"async\" src=\"https:\/\/agenciabrasil.ebc.com.br\/ebc.png?id=1549147&amp;o=node\" \/><img decoding=\"async\" src=\"https:\/\/agenciabrasil.ebc.com.br\/ebc.gif?id=1549147&amp;o=node\" \/><\/p>\n<p>Atualmente, o c\u00e1lculo do \u00cdndice Nacional de Pre\u00e7os ao Consumidor Amplo (IPCA) na corre\u00e7\u00e3o das metas do novo arcabou\u00e7o fiscal \u00e9 o principal ponto que trava a vota\u00e7\u00e3o da proposta pela segunda vez na C\u00e2mara dos Deputados. \u201cHouve explica\u00e7\u00e3o sobre isso [c\u00e1lculo da infla\u00e7\u00e3o no arcabou\u00e7o], e eu penso que isso d\u00e1 para o or\u00e7amento uma clareza maior. A infla\u00e7\u00e3o no fim do ano vai se refletir na arrecada\u00e7\u00e3o do ano seguinte\u201d, comentou.<\/p>\n<p>No mesmo hor\u00e1rio em que Haddad explicava a reuni\u00e3o no Senado, na porta do gabinete de Pacheco, Arthur Lira concedia entrevista coletiva na C\u00e2mara dos Deputados e\u00a0<a href=\"https:\/\/agenciabrasil.ebc.com.br\/politica\/noticia\/2023-08\/lira-promete-votacao-de-arcabouco-fiscal-na-proxima-semana\" target=\"_blank\" rel=\"noopener\">prometia a vota\u00e7\u00e3o do arcabou\u00e7o fiscal na pr\u00f3xima ter\u00e7a-feira (22)<\/a>. Ao retornar ao minist\u00e9rio da Fazenda, Haddad disse que ainda n\u00e3o h\u00e1 previs\u00e3o de encontro pessoal com Lira, apenas conversas telef\u00f4nicas.<\/p>\n<h2>Medidas Provis\u00f3rias<\/h2>\n<p>O ministro prometeu ligar para Lira para relatar o encontro com Pacheco e p\u00f4r \u00e0 disposi\u00e7\u00e3o dos l\u00edderes partid\u00e1rios os t\u00e9cnicos do Minist\u00e9rio da Fazenda para esclarecer pontos sobre duas medidas provis\u00f3rias (MP) aprovadas na semana passada pela comiss\u00e3o especial do Senado e que foram remetidas para serem votadas pelo plen\u00e1rio da C\u00e2mara.<\/p>\n<p>As medidas provis\u00f3rias remetidas \u00e0 C\u00e2mara s\u00e3o a\u00a0<a href=\"https:\/\/www.in.gov.br\/en\/web\/dou\/-\/medida-provisoria-n-1.172-de-1-de-maio-de-2023-480184273\" target=\"_blank\" rel=\"noopener\">MP 1.172<\/a>, que atualiza a tabela do Imposto de Renda e aumenta o sal\u00e1rio m\u00ednimo, e a\u00a0<a href=\"https:\/\/www.in.gov.br\/en\/web\/dou\/-\/medida-provisoria-n-1.171-de-30-de-abril-de-2023-480184173\" target=\"_blank\" rel=\"noopener\">MP 1.171<\/a>, que institui a tributa\u00e7\u00e3o de\u00a0<em>offshores<\/em>, empresas de investimento no exterior.<\/p>\n<p>\u201cVou ligar para ele [Arthur Lira] dando meu testemunho do meu encontro com o presidente do Senado e colocando, como sempre fazemos, a equipe t\u00e9cnica do Minist\u00e9rio da Fazenda \u00e0 disposi\u00e7\u00e3o dos l\u00edderes. Para que se tome conhecimento, inclusive, dos aperfei\u00e7oamentos que foram feitos pela comiss\u00e3o especial, que n\u00e3o foram poucos. Foram 17 emendas acatadas, que deram mais clareza para o texto e mais justi\u00e7a tribut\u00e1ria\u201d, declarou Haddad ap\u00f3s a reuni\u00e3o com Pacheco.<\/p>\n<h2>Reuni\u00e3o adiada<\/h2>\n<p>Prevista para ter ocorrido nessa segunda-feira (14), a reuni\u00e3o entre Haddad, Lira, l\u00edderes partid\u00e1rios, t\u00e9cnicos da equipe econ\u00f4mica e t\u00e9cnicos da Comiss\u00e3o Mista de Or\u00e7amento, a reuni\u00e3o foi adiada em uma semana ap\u00f3s uma declara\u00e7\u00e3o de Haddad ao jornalista Reinaldo Azevedo. Na entrevista, que foi ao ar na segunda, o ministro disse que a C\u00e2mara \u201cest\u00e1 com um poder muito grande\u201d e que a Casa n\u00e3o poderia us\u00e1-lo para \u201chumilhar\u201d o Senado e o Poder Executivo.<\/p>\n<p>No fim da tarde do mesmo dia,\u00a0<a href=\"https:\/\/agenciabrasil.ebc.com.br\/economia\/noticia\/2023-08\/fim-do-parcelamento-sem-juros-prejudicara-consumidores-diz-haddad\" target=\"_blank\" rel=\"noopener\">Haddad se corrigiu<\/a>\u00a0e esclareceu que se referiu \u00e0 mudan\u00e7a do presidencialismo de coaliz\u00e3o nos \u00faltimos anos e que n\u00e3o pretendia criticar Lira.<\/p>\n<p><span style=\"font-weight: 400;\">Fonte: Ag\u00eancia Brasil <\/span><\/p>\n","protected":false},"excerpt":{"rendered":"<p>Em meio a tens\u00f5es com o presidente da C\u00e2mara dos Deputados, Arthur Lira, o ministro da Fazenda, Fernando Haddad, reuniu-se com o presidente do Senado, Rodrigo Pacheco, no fim da tarde desta ter\u00e7a-feira (15). O ministro disse que pretende aproveitar a reuni\u00e3o de l\u00edderes remarcada para a pr\u00f3xima segunda-feira (21) para aparar as arestas com [&hellip;]<\/p>\n","protected":false},"author":246,"featured_media":217242,"comment_status":"closed","ping_status":"closed","sticky":false,"template":"","format":"standard","meta":{"footnotes":""},"categories":[436,440,254,439],"tags":[],"class_list":["post-217241","post","type-post","status-publish","format-standard","has-post-thumbnail","hentry","category-destaque-da-semana","category-destaques-do-dia","category-politica","category-ultima-hora"],"_links":{"self":[{"href":"https:\/\/diarioregionaldigital.com.br\/index.php?rest_route=\/wp\/v2\/posts\/217241","targetHints":{"allow":["GET"]}}],"collection":[{"href":"https:\/\/diarioregionaldigital.com.br\/index.php?rest_route=\/wp\/v2\/posts"}],"about":[{"href":"https:\/\/diarioregionaldigital.com.br\/index.php?rest_route=\/wp\/v2\/types\/post"}],"author":[{"embeddable":true,"href":"https:\/\/diarioregionaldigital.com.br\/index.php?rest_route=\/wp\/v2\/users\/246"}],"replies":[{"embeddable":true,"href":"https:\/\/diarioregionaldigital.com.br\/index.php?rest_route=%2Fwp%2Fv2%2Fcomments&post=217241"}],"version-history":[{"count":1,"href":"https:\/\/diarioregionaldigital.com.br\/index.php?rest_route=\/wp\/v2\/posts\/217241\/revisions"}],"predecessor-version":[{"id":217243,"href":"https:\/\/diarioregionaldigital.com.br\/index.php?rest_route=\/wp\/v2\/posts\/217241\/revisions\/217243"}],"wp:featuredmedia":[{"embeddable":true,"href":"https:\/\/diarioregionaldigital.com.br\/index.php?rest_route=\/wp\/v2\/media\/217242"}],"wp:attachment":[{"href":"https:\/\/diarioregionaldigital.com.br\/index.php?rest_route=%2Fwp%2Fv2%2Fmedia&parent=217241"}],"wp:term":[{"taxonomy":"category","embeddable":true,"href":"https:\/\/diarioregionaldigital.com.br\/index.php?rest_route=%2Fwp%2Fv2%2Fcategories&post=217241"},{"taxonomy":"post_tag","embeddable":true,"href":"https:\/\/diarioregionaldigital.com.br\/index.php?rest_route=%2Fwp%2Fv2%2Ftags&post=217241"}],"curies":[{"name":"wp","href":"https:\/\/api.w.org\/{rel}","templated":true}]}}