{"id":217238,"date":"2023-08-15T23:15:35","date_gmt":"2023-08-16T02:15:35","guid":{"rendered":"https:\/\/diarioregionaldigital.com.br\/?p=217238"},"modified":"2023-08-15T23:15:35","modified_gmt":"2023-08-16T02:15:35","slug":"atividade-economica-no-pais-cresceu-02-no-2o-trimestre","status":"publish","type":"post","link":"https:\/\/diarioregionaldigital.com.br\/?p=217238","title":{"rendered":"Atividade econ\u00f4mica no pa\u00eds cresceu 0,2% no 2\u00ba trimestre"},"content":{"rendered":"<p>A atividade econ\u00f4mica do pa\u00eds cresceu 1,3% em junho, na compara\u00e7\u00e3o com maio. No segundo trimestre do ano, a economia brasileira teve alta de 0,2%. Os dados foram divulgados nesta ter\u00e7a-feira (15) pelo Monitor do PIB da Funda\u00e7\u00e3o Getulio Vargas (FGV). O indicador mostra a pr\u00e9via do Produto Interno Bruto (PIB, todos os bens e servi\u00e7os produzidos no pa\u00eds).<img decoding=\"async\" src=\"https:\/\/agenciabrasil.ebc.com.br\/ebc.png?id=1548873&amp;o=node\" \/><img decoding=\"async\" src=\"https:\/\/agenciabrasil.ebc.com.br\/ebc.gif?id=1548873&amp;o=node\" \/><\/p>\n<p>No primeiro trimestre, o Monitor do PIB apontou um crescimento de 2% (valor revisado). \u201cAp\u00f3s o forte crescimento registrado no primeiro trimestre do ano, a atividade econ\u00f4mica mostrou desacelera\u00e7\u00e3o. Apesar da forte retra\u00e7\u00e3o registrada pela agropecu\u00e1ria, os modestos crescimentos do setor industrial e de servi\u00e7os colaboraram para o resultado positivo de 0,2% no segundo trimestre\u201d, explicou Juliana Trece, coordenadora da pesquisa.<\/p>\n<p>\u201cEm linhas gerais, esse resultado mostra uma certa resili\u00eancia da economia, que segue em terreno positivo mesmo com grande parte do b\u00f4nus da agropecu\u00e1ria tendo se reduzido. Por outro lado, esse fraco crescimento tamb\u00e9m ilustra a pouca capacidade de rea\u00e7\u00e3o da economia para crescer de forma mais robusta em um ambiente de baixo investimento, juros altos e elevado grau de endividamento das fam\u00edlias\u201d, disse.<\/p>\n<h2>Influ\u00eancias<\/h2>\n<p>Ao detalhar o resultado, a FGV identifica uma alta de 2,3% no consumo das fam\u00edlias no segundo trimestre. Esse crescimento tem se reduzido desde o fim de 2022. A menor contribui\u00e7\u00e3o do consumo de servi\u00e7os e de produtos n\u00e3o dur\u00e1veis \u00e9 a principal raz\u00e3o para essa desacelera\u00e7\u00e3o.<\/p>\n<p>A forma\u00e7\u00e3o bruta de capital fixo &#8211; indicador que reflete o n\u00edvel de investimento, como aquisi\u00e7\u00e3o de m\u00e1quinas e equipamentos &#8211; teve retra\u00e7\u00e3o de 2,5% no trimestre.<\/p>\n<p>As exporta\u00e7\u00f5es de bens e servi\u00e7os cresceram 14,1% no segundo trimestre. Praticamente todos os componentes das vendas para o exterior cresceram no per\u00edodo, mas apenas dois explicam a maior parte do resultado: produtos agropecu\u00e1rios (30,1%) e min\u00e9rios (23,8%) foram respons\u00e1veis por cerca de 80% do desempenho.<\/p>\n<p>Pelo lado das importa\u00e7\u00f5es, o crescimento foi de 6,8% no trimestre. As compras externas de bens de consumo (29,7%) e de capital (18,2%) responderam por mais de 60% do resultado.<\/p>\n<p>Em valor corrente, a FGV estima o PIB brasileiro em R$ 5,74 trilh\u00f5es.<\/p>\n<p>A pr\u00e9via da FGV vai ao encontro do \u00cdndice de Atividade Econ\u00f4mica do Banco Central (IBC-Br), divulgado na segunda-feira (14), que tamb\u00e9m aponta desacelera\u00e7\u00e3o do PIB no segundo trimestre. O IBC-Br teve alta de 0,43% de abril a junho em rela\u00e7\u00e3o ao per\u00edodo de janeiro a mar\u00e7o. No primeiro trimestre do ano, o\u00a0<a href=\"https:\/\/agenciabrasil.ebc.com.br\/economia\/noticia\/2023-08\/atividade-economica-desacelera-e-cresce-043-no-2o-trimestre%C2%A0\">crescimento foi de 2,41%<\/a>, se comparado ao trimestre anterior (outubro a dezembro de 2022).<\/p>\n<h2>PIB oficial<\/h2>\n<p>Os n\u00fameros oficiais do PIB s\u00e3o divulgados trimestralmente pelo Instituto Brasileiro de Geografia e Estat\u00edstica (IBGE). Os dados do segundo trimestre ser\u00e3o conhecidos no dia 1\u00ba de setembro. Em junho, o\u00a0<a href=\"https:\/\/agenciabrasil.ebc.com.br\/economia\/noticia\/2023-07\/pib-cai-em-3-de-abril-para-maio-revela-fgv\" target=\"_blank\" rel=\"noopener\">IBGE anunciou que o PIB do primeiro trimestre cresceu 1,9%<\/a>\u00a0na compara\u00e7\u00e3o com os \u00faltimos tr\u00eas meses de 2022.<\/p>\n<p><span style=\"font-weight: 400;\">Fonte: Ag\u00eancia Brasil <\/span><\/p>\n","protected":false},"excerpt":{"rendered":"<p>A atividade econ\u00f4mica do pa\u00eds cresceu 1,3% em junho, na compara\u00e7\u00e3o com maio. No segundo trimestre do ano, a economia brasileira teve alta de 0,2%. Os dados foram divulgados nesta ter\u00e7a-feira (15) pelo Monitor do PIB da Funda\u00e7\u00e3o Getulio Vargas (FGV). O indicador mostra a pr\u00e9via do Produto Interno Bruto (PIB, todos os bens e [&hellip;]<\/p>\n","protected":false},"author":246,"featured_media":217239,"comment_status":"closed","ping_status":"closed","sticky":false,"template":"","format":"standard","meta":{"footnotes":""},"categories":[436,261,439],"tags":[],"class_list":["post-217238","post","type-post","status-publish","format-standard","has-post-thumbnail","hentry","category-destaque-da-semana","category-economia","category-ultima-hora"],"_links":{"self":[{"href":"https:\/\/diarioregionaldigital.com.br\/index.php?rest_route=\/wp\/v2\/posts\/217238","targetHints":{"allow":["GET"]}}],"collection":[{"href":"https:\/\/diarioregionaldigital.com.br\/index.php?rest_route=\/wp\/v2\/posts"}],"about":[{"href":"https:\/\/diarioregionaldigital.com.br\/index.php?rest_route=\/wp\/v2\/types\/post"}],"author":[{"embeddable":true,"href":"https:\/\/diarioregionaldigital.com.br\/index.php?rest_route=\/wp\/v2\/users\/246"}],"replies":[{"embeddable":true,"href":"https:\/\/diarioregionaldigital.com.br\/index.php?rest_route=%2Fwp%2Fv2%2Fcomments&post=217238"}],"version-history":[{"count":1,"href":"https:\/\/diarioregionaldigital.com.br\/index.php?rest_route=\/wp\/v2\/posts\/217238\/revisions"}],"predecessor-version":[{"id":217240,"href":"https:\/\/diarioregionaldigital.com.br\/index.php?rest_route=\/wp\/v2\/posts\/217238\/revisions\/217240"}],"wp:featuredmedia":[{"embeddable":true,"href":"https:\/\/diarioregionaldigital.com.br\/index.php?rest_route=\/wp\/v2\/media\/217239"}],"wp:attachment":[{"href":"https:\/\/diarioregionaldigital.com.br\/index.php?rest_route=%2Fwp%2Fv2%2Fmedia&parent=217238"}],"wp:term":[{"taxonomy":"category","embeddable":true,"href":"https:\/\/diarioregionaldigital.com.br\/index.php?rest_route=%2Fwp%2Fv2%2Fcategories&post=217238"},{"taxonomy":"post_tag","embeddable":true,"href":"https:\/\/diarioregionaldigital.com.br\/index.php?rest_route=%2Fwp%2Fv2%2Ftags&post=217238"}],"curies":[{"name":"wp","href":"https:\/\/api.w.org\/{rel}","templated":true}]}}