{"id":217234,"date":"2023-08-15T23:14:05","date_gmt":"2023-08-16T02:14:05","guid":{"rendered":"https:\/\/diarioregionaldigital.com.br\/?p=217234"},"modified":"2023-08-15T23:14:05","modified_gmt":"2023-08-16T02:14:05","slug":"brasil-e-a-grande-alternativa-do-novo-mercado-avalia-alckmin","status":"publish","type":"post","link":"https:\/\/diarioregionaldigital.com.br\/?p=217234","title":{"rendered":"Brasil \u00e9 a \u201cgrande alternativa\u201d do novo mercado, avalia Alckmin"},"content":{"rendered":"<p>O presidente da Rep\u00fablica em exerc\u00edcio, Geraldo Alckmin, disse nesta ter\u00e7a-feira (15) que o contexto internacional faz do Brasil \u201ca grande alternativa\u201d para um mercado que cada vez mais busca al\u00e9m de qualidade e bom pre\u00e7o, produtos que sejam ambientalmente adequados.<img decoding=\"async\" src=\"https:\/\/agenciabrasil.ebc.com.br\/ebc.png?id=1548928&amp;o=node\" \/><img decoding=\"async\" src=\"https:\/\/agenciabrasil.ebc.com.br\/ebc.gif?id=1548928&amp;o=node\" \/><\/p>\n<p>Durante participa\u00e7\u00e3o na confer\u00eancia O Powershoring e a Neoindustrializa\u00e7\u00e3o Verde do Brasil \u2013 Perspectivas, Potencial, Pol\u00edticas P\u00fablicas e Privadas, promovida pela Confedera\u00e7\u00e3o Nacional da Ind\u00fastria (CNI), em Bras\u00edlia, Alckmin enumerou uma s\u00e9rie de fatores que representam vantagens competitivas para o pa\u00eds que, segundo ele, j\u00e1 \u00e9 o quinto em atra\u00e7\u00e3o de investimento direto.<\/p>\n<p>A quest\u00e3o ambiental \u2013 e a constata\u00e7\u00e3o, principalmente por parte dos pa\u00edses ricos, de seus efeitos nocivos para o clima \u2013 representar\u00e1, para Brasil e outros pa\u00edses com florestas em seu espa\u00e7o geogr\u00e1fico, vantagens at\u00e9 ent\u00e3o in\u00e9ditas, disse Alckmin.<\/p>\n<p>\u201cA pergunta sempre foi &#8216;onde \u00e9 que eu fabrico bem e barato?&#8217; Agora \u00e9 &#8216;onde \u00e9 que eu fabrico bem, barato e consigo compensar as emiss\u00f5es de carbono?&#8217; E a\u00ed o Brasil \u00e9 a grande alternativa. Teremos uma grande oportunidade. J\u00e1 somos o quinto pa\u00eds do mundo em atra\u00e7\u00e3o de investimento direto, e isso pode crescer enormemente. A neoindustrializa\u00e7\u00e3o \u00e9 exatamente isso, inova\u00e7\u00e3o e verde\u201d, disse o presidente em exerc\u00edcio.<\/p>\n<h2>CBA<\/h2>\n<p>Segundo Alckmin, o\u00a0<a href=\"https:\/\/agenciabrasil.ebc.com.br\/economia\/noticia\/2023-07\/alckmin-assina-contrato-de-gestao-do-centro-de-bionegocios-da-amazonia\" target=\"_blank\" rel=\"noopener\">Centro de Biotecnologia da Amaz\u00f4nia (CBA)<\/a>, que h\u00e1 21 anos atua em pesquisa e cria novos produtos com mat\u00e9ria prima da Amaz\u00f4nia, ter\u00e1 papel relevante nesse contexto. Entre os produtos que s\u00e3o foco desse centro est\u00e3o alimentos, bebidas, medicamentos, cosm\u00e9ticos e farmac\u00eauticos. Ele atua tamb\u00e9m na capacita\u00e7\u00e3o de moradores de comunidades tradicionais.<\/p>\n<p>\u201cEstamos com um novo modelo e contrato de gest\u00e3o com o CBA para darmos um outro passo no sentido de fazer a biodiversidade amaz\u00f4nica virar emprego e renda. Para virar patente, para virar neg\u00f3cio e para virar produto\u201d, acrescentou.<\/p>\n<p>Alckmin lembrou que, atualmente, o mundo depende principalmente de tr\u00eas florestas tropicais, localizadas no Brasil, no Congo e na Indon\u00e9sia. \u201cSendo que a floresta amaz\u00f4nica \u00e9 de longe \u00e9 maior e a mais importante\u201d.<\/p>\n<p>Ele acrescentou que o governo tem atuado para dar sequ\u00eancia \u00e0 tarefa permanente de trabalhar a titula\u00e7\u00e3o de terras e o combate ao desmatamento. Uma outra tarefa citada pelo presidente em exerc\u00edcio \u00e9 a descarboniza\u00e7\u00e3o.<\/p>\n<p>\u201cE a\u00ed n\u00f3s j\u00e1 temos um trabalho de sucesso, que \u00e9 o biodiesel. O presidente Lula, no primeiro mandato, lan\u00e7ou o B3, para trocar 3% do diesel por olhos vegetais, como de soja, mamona, dend\u00ea, girassol ou gordura animal. Foi um sucesso. Passou para B7, B10, B13 e chegaria a B15, mas no ano passado foi reduzido para B10, diminuindo a presen\u00e7a do bio no diesel. Este ano voltou para B12. No ano que vem vai para B13 e depois B14 para ent\u00e3o chegar a B15 e, depois, at\u00e9 o B20\u201d, lembrou.<\/p>\n<p>Alckmin reiterou que o Brasil n\u00e3o importa mais \u00f3leo diesel, de forma a manter a estrat\u00e9gia de substitu\u00ed-lo cada vez ais pelo \u00f3leo vegetal produzido no pr\u00f3prio pa\u00eds, como \u00e9 o caso do \u00f3leo de soja.<\/p>\n<p>\u201cTem tamb\u00e9m o etanol, que \u00e9 uma realidade. O carro flex \u00e9 um orgulho brasileiro. A nossa gasolina \u00e9 a \u00fanica que tem 27% de etanol, e h\u00e1 um estudo para chegarmos a 30%. Por isso emitimos menos [gases poluentes]. Se pegarmos do po\u00e7o \u00e0 roda, o etanol puro polui menos at\u00e9 que o [carro] el\u00e9trico, porque precisa levar em considera\u00e7\u00e3o como \u00e9 que essa bateria \u00e9 feita e qual \u00e9 a energia utilizada para fabric\u00e1-la\u201d, argumentou ao reafirmar que o biodiesel e o etanol representam \u201cgrandes possibilidades\u201d para o futuro do pa\u00eds.<\/p>\n<p>\u201cO mundo inteiro vai trocar o querosene do avi\u00e3o por combust\u00edveis sustent\u00e1veis, e Brasil e Estados Unidos s\u00e3o os dois grandes nessa \u00e1rea. Se n\u00f3s corrermos nas pesquisas e na inova\u00e7\u00e3o, chegaremos na frente\u201d, acrescentou.<\/p>\n<p><span style=\"font-weight: 400;\">Fonte: Ag\u00eancia Brasil <\/span><\/p>\n","protected":false},"excerpt":{"rendered":"<p>O presidente da Rep\u00fablica em exerc\u00edcio, Geraldo Alckmin, disse nesta ter\u00e7a-feira (15) que o contexto internacional faz do Brasil \u201ca grande alternativa\u201d para um mercado que cada vez mais busca al\u00e9m de qualidade e bom pre\u00e7o, produtos que sejam ambientalmente adequados. Durante participa\u00e7\u00e3o na confer\u00eancia O Powershoring e a Neoindustrializa\u00e7\u00e3o Verde do Brasil \u2013 Perspectivas, [&hellip;]<\/p>\n","protected":false},"author":246,"featured_media":217235,"comment_status":"closed","ping_status":"closed","sticky":false,"template":"","format":"standard","meta":{"footnotes":""},"categories":[436,261,439],"tags":[],"class_list":["post-217234","post","type-post","status-publish","format-standard","has-post-thumbnail","hentry","category-destaque-da-semana","category-economia","category-ultima-hora"],"_links":{"self":[{"href":"https:\/\/diarioregionaldigital.com.br\/index.php?rest_route=\/wp\/v2\/posts\/217234","targetHints":{"allow":["GET"]}}],"collection":[{"href":"https:\/\/diarioregionaldigital.com.br\/index.php?rest_route=\/wp\/v2\/posts"}],"about":[{"href":"https:\/\/diarioregionaldigital.com.br\/index.php?rest_route=\/wp\/v2\/types\/post"}],"author":[{"embeddable":true,"href":"https:\/\/diarioregionaldigital.com.br\/index.php?rest_route=\/wp\/v2\/users\/246"}],"replies":[{"embeddable":true,"href":"https:\/\/diarioregionaldigital.com.br\/index.php?rest_route=%2Fwp%2Fv2%2Fcomments&post=217234"}],"version-history":[{"count":1,"href":"https:\/\/diarioregionaldigital.com.br\/index.php?rest_route=\/wp\/v2\/posts\/217234\/revisions"}],"predecessor-version":[{"id":217236,"href":"https:\/\/diarioregionaldigital.com.br\/index.php?rest_route=\/wp\/v2\/posts\/217234\/revisions\/217236"}],"wp:featuredmedia":[{"embeddable":true,"href":"https:\/\/diarioregionaldigital.com.br\/index.php?rest_route=\/wp\/v2\/media\/217235"}],"wp:attachment":[{"href":"https:\/\/diarioregionaldigital.com.br\/index.php?rest_route=%2Fwp%2Fv2%2Fmedia&parent=217234"}],"wp:term":[{"taxonomy":"category","embeddable":true,"href":"https:\/\/diarioregionaldigital.com.br\/index.php?rest_route=%2Fwp%2Fv2%2Fcategories&post=217234"},{"taxonomy":"post_tag","embeddable":true,"href":"https:\/\/diarioregionaldigital.com.br\/index.php?rest_route=%2Fwp%2Fv2%2Ftags&post=217234"}],"curies":[{"name":"wp","href":"https:\/\/api.w.org\/{rel}","templated":true}]}}