{"id":217231,"date":"2023-08-15T23:12:50","date_gmt":"2023-08-16T02:12:50","guid":{"rendered":"https:\/\/diarioregionaldigital.com.br\/?p=217231"},"modified":"2023-08-15T23:12:50","modified_gmt":"2023-08-16T02:12:50","slug":"dolar-sobe-para-r-498-em-mais-um-dia-de-turbulencia-no-mercado","status":"publish","type":"post","link":"https:\/\/diarioregionaldigital.com.br\/?p=217231","title":{"rendered":"D\u00f3lar sobe para R$ 4,98 em mais um dia de turbul\u00eancia no mercado"},"content":{"rendered":"<p>Em mais um dia de turbul\u00eancia no mercado financeiro, o d\u00f3lar voltou a subir e a aproximar-se dos R$ 5. A bolsa de valores caiu pela 11\u00aa vez consecutiva e repetiu a maior sequ\u00eancia de baixas em 39 anos.<img decoding=\"async\" src=\"https:\/\/agenciabrasil.ebc.com.br\/ebc.png?id=1549135&amp;o=node\" \/><img decoding=\"async\" src=\"https:\/\/agenciabrasil.ebc.com.br\/ebc.gif?id=1549135&amp;o=node\" \/><\/p>\n<p>O d\u00f3lar comercial encerrou esta ter\u00e7a-feira (15) vendido a R$ 4,987, com alta de R$ 0,021 (+0,42%). A cota\u00e7\u00e3o operou em alta durante toda a sess\u00e3o e, no ponto mais alto do dia, chegou a R$ 5 por volta das 10h45.<\/p>\n<p>A moeda norte-americana est\u00e1 na maior cota\u00e7\u00e3o desde 1\u00ba de junho, quando tinha fechado em R$ 5,003. Com o desempenho desta ter\u00e7a, a divisa sobe 5,43% em agosto, mas cai 5,55% em 2023.<\/p>\n<p>No mercado de a\u00e7\u00f5es, o dia voltou a ser dominado pelo pessimismo. O \u00edndice Ibovespa, da B3, fechou aos 116.171 pontos, com recuo de 0,55%. O indicador est\u00e1 no menor patamar desde 1\u00ba de junho.<\/p>\n<p>Fatores dom\u00e9sticos e externos afetaram o mercado financeiro nesta ter\u00e7a. No Brasil, o apag\u00e3o que atingiu v\u00e1rias regi\u00f5es do pa\u00eds derrubou as a\u00e7\u00f5es de empresas de energia &lt;https:\/\/agenciabrasil.ebc.com.br\/geral\/noticia\/2023-08\/energia-eletrica-foi-restabelecida-em-todas-capitais&gt;. Al\u00e9m disso, a crise provocada na articula\u00e7\u00e3o entre o governo e a C\u00e2mara dos Deputados ap\u00f3s declara\u00e7\u00f5es do ministro da Fazenda, Fernando Haddad &lt;https:\/\/agenciabrasil.ebc.com.br\/economia\/noticia\/2023-08\/fim-do-parcelamento-sem-juros-prejudicara-consumidores-diz-haddad&gt;, atrasaram a vota\u00e7\u00e3o do novo arcabou\u00e7o fiscal pela C\u00e2mara dos Deputados.<\/p>\n<p>No cen\u00e1rio internacional, o mercado teve mais um dia turbulento, com novas d\u00favidas sobre a desacelera\u00e7\u00e3o da economia chinesa ap\u00f3s as vendas da ind\u00fastria e do varejo terem crescido menos que o previsto. Uma poss\u00edvel recess\u00e3o na segunda maior economia do planeta prejudica pa\u00edses exportadores de commodities (bens prim\u00e1rios com cota\u00e7\u00e3o internacional), como o Brasil. Dados fracos de confian\u00e7a ao consumidor na Alemanha tamb\u00e9m aumentaram o receio de uma recess\u00e3o global.<\/p>\n<p>A Ag\u00eancia Brasil est\u00e1 dando as mat\u00e9rias sobre o fechamento do mercado financeiro apenas em dias extraordin\u00e1rios. A cota\u00e7\u00e3o do d\u00f3lar e o n\u00edvel da bolsa de valores n\u00e3o s\u00e3o mais informados diariamente.<\/p>\n<p><span style=\"font-weight: 400;\">Fonte: Ag\u00eancia Brasil <\/span><\/p>\n","protected":false},"excerpt":{"rendered":"<p>Em mais um dia de turbul\u00eancia no mercado financeiro, o d\u00f3lar voltou a subir e a aproximar-se dos R$ 5. A bolsa de valores caiu pela 11\u00aa vez consecutiva e repetiu a maior sequ\u00eancia de baixas em 39 anos. O d\u00f3lar comercial encerrou esta ter\u00e7a-feira (15) vendido a R$ 4,987, com alta de R$ 0,021 [&hellip;]<\/p>\n","protected":false},"author":246,"featured_media":217232,"comment_status":"closed","ping_status":"closed","sticky":false,"template":"","format":"standard","meta":{"footnotes":""},"categories":[436,261,439],"tags":[],"class_list":["post-217231","post","type-post","status-publish","format-standard","has-post-thumbnail","hentry","category-destaque-da-semana","category-economia","category-ultima-hora"],"_links":{"self":[{"href":"https:\/\/diarioregionaldigital.com.br\/index.php?rest_route=\/wp\/v2\/posts\/217231","targetHints":{"allow":["GET"]}}],"collection":[{"href":"https:\/\/diarioregionaldigital.com.br\/index.php?rest_route=\/wp\/v2\/posts"}],"about":[{"href":"https:\/\/diarioregionaldigital.com.br\/index.php?rest_route=\/wp\/v2\/types\/post"}],"author":[{"embeddable":true,"href":"https:\/\/diarioregionaldigital.com.br\/index.php?rest_route=\/wp\/v2\/users\/246"}],"replies":[{"embeddable":true,"href":"https:\/\/diarioregionaldigital.com.br\/index.php?rest_route=%2Fwp%2Fv2%2Fcomments&post=217231"}],"version-history":[{"count":1,"href":"https:\/\/diarioregionaldigital.com.br\/index.php?rest_route=\/wp\/v2\/posts\/217231\/revisions"}],"predecessor-version":[{"id":217233,"href":"https:\/\/diarioregionaldigital.com.br\/index.php?rest_route=\/wp\/v2\/posts\/217231\/revisions\/217233"}],"wp:featuredmedia":[{"embeddable":true,"href":"https:\/\/diarioregionaldigital.com.br\/index.php?rest_route=\/wp\/v2\/media\/217232"}],"wp:attachment":[{"href":"https:\/\/diarioregionaldigital.com.br\/index.php?rest_route=%2Fwp%2Fv2%2Fmedia&parent=217231"}],"wp:term":[{"taxonomy":"category","embeddable":true,"href":"https:\/\/diarioregionaldigital.com.br\/index.php?rest_route=%2Fwp%2Fv2%2Fcategories&post=217231"},{"taxonomy":"post_tag","embeddable":true,"href":"https:\/\/diarioregionaldigital.com.br\/index.php?rest_route=%2Fwp%2Fv2%2Ftags&post=217231"}],"curies":[{"name":"wp","href":"https:\/\/api.w.org\/{rel}","templated":true}]}}