{"id":217220,"date":"2023-08-14T21:42:09","date_gmt":"2023-08-15T00:42:09","guid":{"rendered":"https:\/\/diarioregionaldigital.com.br\/?p=217220"},"modified":"2023-08-14T21:42:09","modified_gmt":"2023-08-15T00:42:09","slug":"procon-aqui-estara-na-praca-do-dom-bosco-nesta-terca-15","status":"publish","type":"post","link":"https:\/\/diarioregionaldigital.com.br\/?p=217220","title":{"rendered":"Procon Aqui estar\u00e1 na Pra\u00e7a do Dom Bosco nesta ter\u00e7a, 15"},"content":{"rendered":"<p>Segundo informa\u00e7\u00f5es do site da Prefeitura de Juiz de Fora (PJF), nesta ter\u00e7a-feira, 15, o bairro Dom Bosco receber\u00e1 o projeto \u201cProcon Aqui\u201d. Das 13h \u00e0s 17h, a equipe de atendimento da Ag\u00eancia de Prote\u00e7\u00e3o e Defesa do Consumidor (Procon) da Prefeitura de Juiz de Fora (PJF) estar\u00e1 na pra\u00e7a do bairro, localizada na Rua Araguari. A popula\u00e7\u00e3o poder\u00e1 receber atendimento especializado e orienta\u00e7\u00f5es sobre direitos do consumidor. Representantes do Gabinete de A\u00e7\u00e3o e Di\u00e1logo Comunit\u00e1rio tamb\u00e9m estar\u00e3o no local para registrar pedidos de zeladoria.<\/p>\n<div id=\"box_texto_noticia\">\n<p>O \u201cProcon Aqui\u201d \u00e9 uma iniciativa da Secretaria de Governo (SG) que tem como objetivo aproximar o consumidor de seus direitos, bem como facilitar o acesso aos servi\u00e7os do Procon. A iniciativa visa diminuir a burocratiza\u00e7\u00e3o desse processo como um todo.<\/p>\n<p>O projeto conta com um autom\u00f3vel equipado, que oferece atendimento especializado todas as ter\u00e7as-feiras, sendo cada semana em uma regi\u00e3o da cidade. Ainda nesta semana, no s\u00e1bado, 19, o \u201cProcon Aqui&#8221; participar\u00e1 de uma a\u00e7\u00e3o da Ordem dos Advogados do Brasil (OAB). A atividade ser\u00e1 de 10h30 \u00e0s 12h30, na Pra\u00e7a do bairro Grama.<\/p>\n<p>Confira abaixo a programa\u00e7\u00e3o, dia e hora, das pr\u00f3ximas a\u00e7\u00f5es do \u201cProcon Aqui\u201d:<\/p>\n<p><strong>15\/08 (ter\u00e7a-feira) \u2013 13h \u00e0s 17h<\/strong><br \/>\nPra\u00e7a Dom Bosco &#8211; Rua Araguari<br \/>\n<strong>19\/08 (s\u00e1bado) \u2013 10h30 \u00e0s 12h30<\/strong><br \/>\nA\u00e7\u00e3o conjunta com OAB Itinerante \u2013 Pra\u00e7a do bairro Grama<br \/>\n<strong>22\/08 (ter\u00e7a-feira) \u2013 13h \u00e0s 17h<\/strong><br \/>\nPra\u00e7a Ipiranga &#8211; Av. Darcy vargas<br \/>\n<strong>29\/08 (ter\u00e7a-feira) \u2013 13h \u00e0s 17h\u00a0<\/strong><br \/>\nUBS &#8211; Rua Dr. Ant\u00f4nio Mour\u00e3o Guimar\u00e3es- Santa Cruz<\/p>\n<p>Para tirar d\u00favidas, entre em contato com os seguintes canais: (32) 3690-7610 e 3690-7611.<\/p>\n<p>Siga o Instagram: @proconjf<\/p>\n<div><\/div>\n<\/div>\n<p>&nbsp;<\/p>\n<div id=\"box_compartilhar\" align=\"right\"><\/div>\n","protected":false},"excerpt":{"rendered":"<p>Segundo informa\u00e7\u00f5es do site da Prefeitura de Juiz de Fora (PJF), nesta ter\u00e7a-feira, 15, o bairro Dom Bosco receber\u00e1 o projeto \u201cProcon Aqui\u201d. Das 13h \u00e0s 17h, a equipe de atendimento da Ag\u00eancia de Prote\u00e7\u00e3o e Defesa do Consumidor (Procon) da Prefeitura de Juiz de Fora (PJF) estar\u00e1 na pra\u00e7a do bairro, localizada na Rua [&hellip;]<\/p>\n","protected":false},"author":246,"featured_media":217221,"comment_status":"closed","ping_status":"closed","sticky":false,"template":"","format":"standard","meta":{"footnotes":""},"categories":[253,436,439],"tags":[],"class_list":["post-217220","post","type-post","status-publish","format-standard","has-post-thumbnail","hentry","category-cidade","category-destaque-da-semana","category-ultima-hora"],"_links":{"self":[{"href":"https:\/\/diarioregionaldigital.com.br\/index.php?rest_route=\/wp\/v2\/posts\/217220","targetHints":{"allow":["GET"]}}],"collection":[{"href":"https:\/\/diarioregionaldigital.com.br\/index.php?rest_route=\/wp\/v2\/posts"}],"about":[{"href":"https:\/\/diarioregionaldigital.com.br\/index.php?rest_route=\/wp\/v2\/types\/post"}],"author":[{"embeddable":true,"href":"https:\/\/diarioregionaldigital.com.br\/index.php?rest_route=\/wp\/v2\/users\/246"}],"replies":[{"embeddable":true,"href":"https:\/\/diarioregionaldigital.com.br\/index.php?rest_route=%2Fwp%2Fv2%2Fcomments&post=217220"}],"version-history":[{"count":1,"href":"https:\/\/diarioregionaldigital.com.br\/index.php?rest_route=\/wp\/v2\/posts\/217220\/revisions"}],"predecessor-version":[{"id":217222,"href":"https:\/\/diarioregionaldigital.com.br\/index.php?rest_route=\/wp\/v2\/posts\/217220\/revisions\/217222"}],"wp:featuredmedia":[{"embeddable":true,"href":"https:\/\/diarioregionaldigital.com.br\/index.php?rest_route=\/wp\/v2\/media\/217221"}],"wp:attachment":[{"href":"https:\/\/diarioregionaldigital.com.br\/index.php?rest_route=%2Fwp%2Fv2%2Fmedia&parent=217220"}],"wp:term":[{"taxonomy":"category","embeddable":true,"href":"https:\/\/diarioregionaldigital.com.br\/index.php?rest_route=%2Fwp%2Fv2%2Fcategories&post=217220"},{"taxonomy":"post_tag","embeddable":true,"href":"https:\/\/diarioregionaldigital.com.br\/index.php?rest_route=%2Fwp%2Fv2%2Ftags&post=217220"}],"curies":[{"name":"wp","href":"https:\/\/api.w.org\/{rel}","templated":true}]}}