{"id":217217,"date":"2023-08-14T21:40:07","date_gmt":"2023-08-15T00:40:07","guid":{"rendered":"https:\/\/diarioregionaldigital.com.br\/?p=217217"},"modified":"2023-08-14T21:40:07","modified_gmt":"2023-08-15T00:40:07","slug":"conselho-de-seguranca-aborda-protecao-a-mulher-vitima-de-violencia-domestica-e-familiar","status":"publish","type":"post","link":"https:\/\/diarioregionaldigital.com.br\/?p=217217","title":{"rendered":"Conselho de Seguran\u00e7a aborda prote\u00e7\u00e3o \u00e0 mulher v\u00edtima de viol\u00eancia dom\u00e9stica e familiar"},"content":{"rendered":"<p>Segundo informa\u00e7\u00f5es do site da Prefeitura de Juiz de Fora (PJF), em reuni\u00e3o ordin\u00e1ria do Conselho Municipal de Seguran\u00e7a Urbana e Cidadania (Comsuc) realizada na \u00faltima semana, a prote\u00e7\u00e3o \u00e0 mulher v\u00edtima de viol\u00eancia dom\u00e9stica e familiar teve lugar de destaque. O assunto foi apresentado por profissionais que atuam na Patrulha de Preven\u00e7\u00e3o \u00e0 Viol\u00eancia Dom\u00e9stica (PPVD) da Pol\u00edcia Militar em Juiz de Fora, oferecendo uma compreens\u00e3o sobre o trabalho e a import\u00e2ncia de se promover a conscientiza\u00e7\u00e3o para a den\u00fancia de casos. A atividade faz parte das a\u00e7\u00f5es de refor\u00e7o \u00e0 campanha Agosto Lil\u00e1s para o enfrentamento \u00e0s diversas formas de viol\u00eancia contra a mulher.<\/p>\n<p>As sargentos Roberta e L\u00edvia, integrantes da PPVD, enfatizaram que o objetivo principal da estrat\u00e9gia \u00e9 responder \u00e0 viol\u00eancia dom\u00e9stica e familiar contra a mulher, por meio de a\u00e7\u00f5es em conjunto com \u00f3rg\u00e3os governamentais e n\u00e3o governamentais. \u201cAs equipes trabalham para promover a assist\u00eancia \u00e0s v\u00edtimas, fazendo o encaminhamento aos demais \u00f3rg\u00e3os da rede de enfrentamento \u00e0 viol\u00eancia dom\u00e9stica. Outra condu\u00e7\u00e3o envolve o trabalho de desest\u00edmulo dos autores, bem como acompanhamento e monitoramento do caso, at\u00e9 a quebra do ciclo da viol\u00eancia dom\u00e9stica e familiar contra mulher. O recorte que a Pol\u00edcia Militar utiliza \u00e9 o dos casos em que h\u00e1 reincid\u00eancia e gravidade\u201d, esclareceu a Sgt. Roberta.<\/p>\n<p>Para que todo o sistema de apoio e de justi\u00e7a possa ser colocado em funcionamento, \u00e9 necess\u00e1rio que a mulher submetida \u00e0 viol\u00eancia se reconhe\u00e7a como v\u00edtima e procure ajuda. A partir desse impulso se faz poss\u00edvel amparo psicol\u00f3gico e eventuais encaminhamentos de medidas protetivas para a busca de pacifica\u00e7\u00e3o da viol\u00eancia sofrida.<\/p>\n<p>Existem mecanismos virtuais que permitem \u00e0 mulher fazer boletim de ocorr\u00eancia sem sair de casa. A den\u00fancia pode ser feita \u00e0 dist\u00e2ncia a exemplo do projeto \u201cChame a Frida\u201d, da Pol\u00edcia Civil, pelo qual a mulher informa os dados, de forma silenciosa, ao digitar na tela do celular.\u00a0 Ela ainda recebe\u00a0orienta\u00e7\u00f5es sobre a Lei Maria da Penha, medidas protetivas de urg\u00eancia e acionamentos necess\u00e1rios em casos de viol\u00eancia. Em Juiz de Fora o servi\u00e7o pode ser acionado pelo telefone (31) 99141-6954, de segunda a sexta-feira, de 8h30 ao meio-dia e de 14h \u00e0s 17h.<\/p>\n<p>A cidade conta, atualmente, com duas Patrulhas voltadas para o apoio \u00e0s v\u00edtimas. A patrulha do 2\u00b0 Batalh\u00e3o de Pol\u00edcia Militar realiza a preven\u00e7\u00e3o aos delitos nas regi\u00f5es central, nordeste entre outras como os Bairros De Lourdes , Santa C\u00e2ndida, al\u00e9m da zona rural. A Patrulha do 27\u00b0 Batalh\u00e3o de Pol\u00edcia Militar (27\u00ba BPM) previne os delitos nas zonas sul, norte e cidade alta, al\u00e9m da zona rural.<\/p>\n","protected":false},"excerpt":{"rendered":"<p>Segundo informa\u00e7\u00f5es do site da Prefeitura de Juiz de Fora (PJF), em reuni\u00e3o ordin\u00e1ria do Conselho Municipal de Seguran\u00e7a Urbana e Cidadania (Comsuc) realizada na \u00faltima semana, a prote\u00e7\u00e3o \u00e0 mulher v\u00edtima de viol\u00eancia dom\u00e9stica e familiar teve lugar de destaque. O assunto foi apresentado por profissionais que atuam na Patrulha de Preven\u00e7\u00e3o \u00e0 Viol\u00eancia [&hellip;]<\/p>\n","protected":false},"author":246,"featured_media":217218,"comment_status":"closed","ping_status":"closed","sticky":false,"template":"","format":"standard","meta":{"footnotes":""},"categories":[253,436,439],"tags":[],"class_list":["post-217217","post","type-post","status-publish","format-standard","has-post-thumbnail","hentry","category-cidade","category-destaque-da-semana","category-ultima-hora"],"_links":{"self":[{"href":"https:\/\/diarioregionaldigital.com.br\/index.php?rest_route=\/wp\/v2\/posts\/217217","targetHints":{"allow":["GET"]}}],"collection":[{"href":"https:\/\/diarioregionaldigital.com.br\/index.php?rest_route=\/wp\/v2\/posts"}],"about":[{"href":"https:\/\/diarioregionaldigital.com.br\/index.php?rest_route=\/wp\/v2\/types\/post"}],"author":[{"embeddable":true,"href":"https:\/\/diarioregionaldigital.com.br\/index.php?rest_route=\/wp\/v2\/users\/246"}],"replies":[{"embeddable":true,"href":"https:\/\/diarioregionaldigital.com.br\/index.php?rest_route=%2Fwp%2Fv2%2Fcomments&post=217217"}],"version-history":[{"count":1,"href":"https:\/\/diarioregionaldigital.com.br\/index.php?rest_route=\/wp\/v2\/posts\/217217\/revisions"}],"predecessor-version":[{"id":217219,"href":"https:\/\/diarioregionaldigital.com.br\/index.php?rest_route=\/wp\/v2\/posts\/217217\/revisions\/217219"}],"wp:featuredmedia":[{"embeddable":true,"href":"https:\/\/diarioregionaldigital.com.br\/index.php?rest_route=\/wp\/v2\/media\/217218"}],"wp:attachment":[{"href":"https:\/\/diarioregionaldigital.com.br\/index.php?rest_route=%2Fwp%2Fv2%2Fmedia&parent=217217"}],"wp:term":[{"taxonomy":"category","embeddable":true,"href":"https:\/\/diarioregionaldigital.com.br\/index.php?rest_route=%2Fwp%2Fv2%2Fcategories&post=217217"},{"taxonomy":"post_tag","embeddable":true,"href":"https:\/\/diarioregionaldigital.com.br\/index.php?rest_route=%2Fwp%2Fv2%2Ftags&post=217217"}],"curies":[{"name":"wp","href":"https:\/\/api.w.org\/{rel}","templated":true}]}}