{"id":217213,"date":"2023-08-14T21:38:48","date_gmt":"2023-08-15T00:38:48","guid":{"rendered":"https:\/\/diarioregionaldigital.com.br\/?p=217213"},"modified":"2023-08-14T21:38:48","modified_gmt":"2023-08-15T00:38:48","slug":"pjf-realiza-desfile-de-abertura-da-copa-prefeitura-de-futebol-amador","status":"publish","type":"post","link":"https:\/\/diarioregionaldigital.com.br\/?p=217213","title":{"rendered":"PJF realiza desfile de abertura da Copa Prefeitura de Futebol Amador"},"content":{"rendered":"<p>Segundo informa\u00e7\u00f5es do site da Prefeitura de Juiz de Fora (PJF), uma das maiores competi\u00e7\u00f5es do g\u00eanero no pa\u00eds, a Copa Prefeitura de Futebol Amador 2023 teve in\u00edciono \u00faltimo final de semana. Para abrir o torneio, foi realizado o desfile dos participantes no Parque Halfeld. O desfile de abertura da Copa foi realizado no domingo, 13, sendo composto por 91 agremia\u00e7\u00f5es, com 161 equipes representadas, distribu\u00eddas em 14 categorias.<\/p>\n<p>Al\u00e9m do desfile de abertura, o evento recebeu as apresenta\u00e7\u00f5es da Banda de M\u00fasica do Estado Maior da 4\u00aa Regi\u00e3o da Pol\u00edcia Militar de Minas Gerais e a bateria campe\u00e3 do Carnaval 2023, a Real Grandeza. O 1\u00ba boletim da Copa Prefeitura de Futebol Amador 2023 ser\u00e1 publicado na ter\u00e7a-feira, dia 15.<\/p>\n<p>Realizada desde 1983, a Copa de Futebol Amador \u00e9 promovida pela Prefeitura de Juiz de Fora , atrav\u00e9s da Secretaria de Esporte e Lazer. Com o passar dos anos, tornou-se a maior competi\u00e7\u00e3o de futebol amador, gratuita para as equipes do pa\u00eds, realizando, anualmente, mais de 500 partidas no per\u00edodo de agosto a dezembro, em campos de v\u00e1rzea da Prefeitura e de clubes parceiros, com m\u00e9dia de participa\u00e7\u00e3o de mais de 5,5 mil atletas.<\/p>\n<p>A Copa Prefeitura de Futebol Amador tem como objetivo incentivar a pr\u00e1tica do futebol amador e comunit\u00e1rio no munic\u00edpio de Juiz de Fora e regi\u00e3o, al\u00e9m de intervir educacionalmente, especialmente, pautado na Cultura da Paz no Esporte e promover o interc\u00e2mbio esportivo e social entre os diversos segmentos e camadas da sociedade, integrando os indiv\u00edduos, da crian\u00e7a ao idoso.<\/p>\n<p><strong>Super Copa dos Campe\u00f5es<\/strong><\/p>\n<p>Com o objetivo de valorizar uma das categorias mais disputadas da Copa Prefeitura, \u00e9 realizada, entre a abertura da Copa e o in\u00edcio das partidas de cada ano, a Super Copa dos Campe\u00f5es. O evento re\u00fane oito equipes campe\u00e3s da categoria adulta, urbana e zona rural, da Copa Prefeitura de Futebol Amador.<\/p>\n<p>Os primeiros jogos ser\u00e3o disputados nesta segunda e ter\u00e7a-feira, j\u00e1 a semifinal ser\u00e1 disputada na<br \/>\nquinta-feira, 17, e a final ser\u00e1 disputada no domingo, 20. A programa\u00e7\u00e3o dos jogos pode ser conferida em anexo.<\/p>\n<p>&nbsp;<\/p>\n<div class=\"texto_anexo\"><img loading=\"lazy\" decoding=\"async\" src=\"https:\/\/www.pjf.mg.gov.br\/imagens\/clips.jpg\" width=\"22\" height=\"20\" \/>\u00a0<a href=\"https:\/\/www.pjf.mg.gov.br\/noticias\/anexo\/pdf.pdf\" target=\"_blank\" rel=\"noopener\">Veja o anexo<\/a><\/div>\n","protected":false},"excerpt":{"rendered":"<p>Segundo informa\u00e7\u00f5es do site da Prefeitura de Juiz de Fora (PJF), uma das maiores competi\u00e7\u00f5es do g\u00eanero no pa\u00eds, a Copa Prefeitura de Futebol Amador 2023 teve in\u00edciono \u00faltimo final de semana. Para abrir o torneio, foi realizado o desfile dos participantes no Parque Halfeld. O desfile de abertura da Copa foi realizado no domingo, [&hellip;]<\/p>\n","protected":false},"author":246,"featured_media":217214,"comment_status":"closed","ping_status":"closed","sticky":false,"template":"","format":"standard","meta":{"footnotes":""},"categories":[253,436,439],"tags":[],"class_list":["post-217213","post","type-post","status-publish","format-standard","has-post-thumbnail","hentry","category-cidade","category-destaque-da-semana","category-ultima-hora"],"_links":{"self":[{"href":"https:\/\/diarioregionaldigital.com.br\/index.php?rest_route=\/wp\/v2\/posts\/217213","targetHints":{"allow":["GET"]}}],"collection":[{"href":"https:\/\/diarioregionaldigital.com.br\/index.php?rest_route=\/wp\/v2\/posts"}],"about":[{"href":"https:\/\/diarioregionaldigital.com.br\/index.php?rest_route=\/wp\/v2\/types\/post"}],"author":[{"embeddable":true,"href":"https:\/\/diarioregionaldigital.com.br\/index.php?rest_route=\/wp\/v2\/users\/246"}],"replies":[{"embeddable":true,"href":"https:\/\/diarioregionaldigital.com.br\/index.php?rest_route=%2Fwp%2Fv2%2Fcomments&post=217213"}],"version-history":[{"count":2,"href":"https:\/\/diarioregionaldigital.com.br\/index.php?rest_route=\/wp\/v2\/posts\/217213\/revisions"}],"predecessor-version":[{"id":217216,"href":"https:\/\/diarioregionaldigital.com.br\/index.php?rest_route=\/wp\/v2\/posts\/217213\/revisions\/217216"}],"wp:featuredmedia":[{"embeddable":true,"href":"https:\/\/diarioregionaldigital.com.br\/index.php?rest_route=\/wp\/v2\/media\/217214"}],"wp:attachment":[{"href":"https:\/\/diarioregionaldigital.com.br\/index.php?rest_route=%2Fwp%2Fv2%2Fmedia&parent=217213"}],"wp:term":[{"taxonomy":"category","embeddable":true,"href":"https:\/\/diarioregionaldigital.com.br\/index.php?rest_route=%2Fwp%2Fv2%2Fcategories&post=217213"},{"taxonomy":"post_tag","embeddable":true,"href":"https:\/\/diarioregionaldigital.com.br\/index.php?rest_route=%2Fwp%2Fv2%2Ftags&post=217213"}],"curies":[{"name":"wp","href":"https:\/\/api.w.org\/{rel}","templated":true}]}}