{"id":217210,"date":"2023-08-14T21:35:53","date_gmt":"2023-08-15T00:35:53","guid":{"rendered":"https:\/\/diarioregionaldigital.com.br\/?p=217210"},"modified":"2023-08-14T21:35:53","modified_gmt":"2023-08-15T00:35:53","slug":"juiz-forana-que-brilha-na-opera-de-paris-fara-unica-apresentacao-no-teatro-paschoal","status":"publish","type":"post","link":"https:\/\/diarioregionaldigital.com.br\/?p=217210","title":{"rendered":"Juiz-forana que brilha na \u00d3pera de Paris far\u00e1 \u00fanica apresenta\u00e7\u00e3o no Teatro Paschoal"},"content":{"rendered":"<p>Segundo informa\u00e7\u00f5es do site da Prefeitura de Juiz de Fora (PJF), finalizando sua turn\u00ea no Brasil, a bailarina juiz-forana Luciana Sagioro se apresentar\u00e1 no Teatro Paschoal Carlos Magno (Rua Gilberto de Alencar, atr\u00e1s da Igreja S\u00e3o Sebasti\u00e3o \u2013 Centro), no pr\u00f3ximo dia 23,\u00a0quarta-feira,\u00a0\u00e0s 19h. Ap\u00f3s o espet\u00e1culo \u201cLuciana\u00a0Sagioro\u00a0Dan\u00e7a &amp; Encanta\u201d, a jovem de 17 anos retornar\u00e1 para a Fran\u00e7a, onde \u00e9 a mais nova contratada da \u00d3pera de Paris, considerada a mais respeitada companhia de bal\u00e9 da Europa. O evento no Paschoal tem classifica\u00e7\u00e3o indicativa de 6 anos, e os ingressos j\u00e1 est\u00e3o dispon\u00edveis atrav\u00e9s do WhatsApp (32) 98845-2107.<\/p>\n<p>Produzido por Aline Bastos, o espet\u00e1culo ter\u00e1 como convidados os bailarinos Ana Botafogo, brasileira reconhecida internacionalmente, e Vitor Vaz, de Amsterd\u00e3 (Holanda). A dura\u00e7\u00e3o m\u00e9dia da apresenta\u00e7\u00e3o \u00e9 de 90 minutos, e antes de subir ao palco, a bailarina far\u00e1 um bate-papo com a plateia, contando sua trajet\u00f3ria na dan\u00e7a.<\/p>\n<p>Luciana tem uma carreira em ascens\u00e3o, sendo hoje um dos nomes mais importantes na cena da dan\u00e7a cl\u00e1ssica brasileira. Iniciou seus estudos aos 3 anos, em Juiz de Fora, seguindo depois para o Rio de Janeiro, onde integrou a prestigiada escola Petite Danse. No ano passado, teve seu talento reconhecido em n\u00edvel internacional ao conquistar o terceiro lugar no Prix de Lausanne,\u00a0na Su\u00ed\u00e7a,\u00a0um dos maiores e mais prestigiados festivais de dan\u00e7a do mundo.<\/p>\n<p>Em abril passado, Luciana formou-se pela Escola da \u00d3pera de Paris e participou de audi\u00e7\u00f5es com mais de 200 bailarinos do mundo todo para o Corpo de Baile da companhia. Conquistou o segundo lugar, em um grupo de seis profissionais selecionados, e garantiu seu contrato na companhia.<\/p>\n<p>O Teatro Paschoal Carlos\u00a0Magno \u00e9 mantido pela Prefeitura de Juiz de Fora e gerido pela Funda\u00e7\u00e3o Cultural Alfredo Ferreira Lage (Funalfa).<\/p>\n","protected":false},"excerpt":{"rendered":"<p>Segundo informa\u00e7\u00f5es do site da Prefeitura de Juiz de Fora (PJF), finalizando sua turn\u00ea no Brasil, a bailarina juiz-forana Luciana Sagioro se apresentar\u00e1 no Teatro Paschoal Carlos Magno (Rua Gilberto de Alencar, atr\u00e1s da Igreja S\u00e3o Sebasti\u00e3o \u2013 Centro), no pr\u00f3ximo dia 23,\u00a0quarta-feira,\u00a0\u00e0s 19h. Ap\u00f3s o espet\u00e1culo \u201cLuciana\u00a0Sagioro\u00a0Dan\u00e7a &amp; Encanta\u201d, a jovem de 17 anos [&hellip;]<\/p>\n","protected":false},"author":246,"featured_media":217211,"comment_status":"closed","ping_status":"closed","sticky":false,"template":"","format":"standard","meta":{"footnotes":""},"categories":[253,436,440,439],"tags":[],"class_list":["post-217210","post","type-post","status-publish","format-standard","has-post-thumbnail","hentry","category-cidade","category-destaque-da-semana","category-destaques-do-dia","category-ultima-hora"],"_links":{"self":[{"href":"https:\/\/diarioregionaldigital.com.br\/index.php?rest_route=\/wp\/v2\/posts\/217210","targetHints":{"allow":["GET"]}}],"collection":[{"href":"https:\/\/diarioregionaldigital.com.br\/index.php?rest_route=\/wp\/v2\/posts"}],"about":[{"href":"https:\/\/diarioregionaldigital.com.br\/index.php?rest_route=\/wp\/v2\/types\/post"}],"author":[{"embeddable":true,"href":"https:\/\/diarioregionaldigital.com.br\/index.php?rest_route=\/wp\/v2\/users\/246"}],"replies":[{"embeddable":true,"href":"https:\/\/diarioregionaldigital.com.br\/index.php?rest_route=%2Fwp%2Fv2%2Fcomments&post=217210"}],"version-history":[{"count":1,"href":"https:\/\/diarioregionaldigital.com.br\/index.php?rest_route=\/wp\/v2\/posts\/217210\/revisions"}],"predecessor-version":[{"id":217212,"href":"https:\/\/diarioregionaldigital.com.br\/index.php?rest_route=\/wp\/v2\/posts\/217210\/revisions\/217212"}],"wp:featuredmedia":[{"embeddable":true,"href":"https:\/\/diarioregionaldigital.com.br\/index.php?rest_route=\/wp\/v2\/media\/217211"}],"wp:attachment":[{"href":"https:\/\/diarioregionaldigital.com.br\/index.php?rest_route=%2Fwp%2Fv2%2Fmedia&parent=217210"}],"wp:term":[{"taxonomy":"category","embeddable":true,"href":"https:\/\/diarioregionaldigital.com.br\/index.php?rest_route=%2Fwp%2Fv2%2Fcategories&post=217210"},{"taxonomy":"post_tag","embeddable":true,"href":"https:\/\/diarioregionaldigital.com.br\/index.php?rest_route=%2Fwp%2Fv2%2Ftags&post=217210"}],"curies":[{"name":"wp","href":"https:\/\/api.w.org\/{rel}","templated":true}]}}