{"id":217201,"date":"2023-08-14T21:10:31","date_gmt":"2023-08-15T00:10:31","guid":{"rendered":"https:\/\/diarioregionaldigital.com.br\/?p=217201"},"modified":"2023-08-14T21:10:31","modified_gmt":"2023-08-15T00:10:31","slug":"app-conquista-brasileiro-feminino-de-basquete-em-cadeira-de-rodas","status":"publish","type":"post","link":"https:\/\/diarioregionaldigital.com.br\/?p=217201","title":{"rendered":"APP conquista Brasileiro feminino de basquete em cadeira de rodas"},"content":{"rendered":"<p>A Associa\u00e7\u00e3o Paraol\u00edmpica Patense (APP), de Minas Gerais, derrotou o Irefes, do Esp\u00edrito Santo, por 59 a 50 para conquistar pela primeira vez na hist\u00f3ria o t\u00edtulo do Campeonato Brasileiro feminino de basquete em cadeira de rodas, no \u00faltimo domingo (13) no Centro de treinamento paral\u00edmpico, em S\u00e3o Paulo.<img decoding=\"async\" src=\"https:\/\/agenciabrasil.ebc.com.br\/ebc.png?id=1548762&amp;o=node\" \/><img decoding=\"async\" src=\"https:\/\/agenciabrasil.ebc.com.br\/ebc.gif?id=1548762&amp;o=node\" \/><\/p>\n<p>O t\u00edtulo in\u00e9dito da equipe, conhecida como Valkirias, foi conquistado de forma invicta (sete vit\u00f3rias em sete jogos). \u201c\u00c9 uma emo\u00e7\u00e3o muito grande. Viemos fazendo bons jogos. Chegar aqui na final e levar a medalha de ouro \u00e9 muito importante para nosso projeto, mostra que estamos evoluindo, crescendo. Estou muito feliz\u201d, declarou Geisa Vieira, da APP.<\/p>\n<p>Na \u00faltima temporada o t\u00edtulo ficou com o Irefes. Mesmo com o rev\u00e9s na decis\u00e3o, Paola Klokler, que tamb\u00e9m defende a sele\u00e7\u00e3o brasileira, destacou a boa campanha da equipe capixaba na competi\u00e7\u00e3o: \u201cAcho que nossa maior for\u00e7a \u00e9 a equipe, o coletivo. Apesar da derrota, conseguimos mostrar que o coletivo est\u00e1 aqui. Perdemos jogadoras logo antes do campeonato [por les\u00e3o]. Tivemos de reestruturar a equipe, mas isso n\u00e3o mudou nossa for\u00e7a e chegamos \u00e0 final. Fizemos um excelente campeonato\u201d.<\/p>\n<p>O Campeonato Brasileiro feminino de basquete em cadeira de rodas contou com seis equipes dos estados do Par\u00e1, do Rio de Janeiro, de Minas Gerais e do Esp\u00edrito Santo.<\/p>\n<p><span style=\"font-weight: 400;\">Fonte: Ag\u00eancia Brasil <\/span><\/p>\n","protected":false},"excerpt":{"rendered":"<p>A Associa\u00e7\u00e3o Paraol\u00edmpica Patense (APP), de Minas Gerais, derrotou o Irefes, do Esp\u00edrito Santo, por 59 a 50 para conquistar pela primeira vez na hist\u00f3ria o t\u00edtulo do Campeonato Brasileiro feminino de basquete em cadeira de rodas, no \u00faltimo domingo (13) no Centro de treinamento paral\u00edmpico, em S\u00e3o Paulo. O t\u00edtulo in\u00e9dito da equipe, conhecida [&hellip;]<\/p>\n","protected":false},"author":246,"featured_media":217202,"comment_status":"closed","ping_status":"closed","sticky":false,"template":"","format":"standard","meta":{"footnotes":""},"categories":[436,257,439],"tags":[],"class_list":["post-217201","post","type-post","status-publish","format-standard","has-post-thumbnail","hentry","category-destaque-da-semana","category-esporte","category-ultima-hora"],"_links":{"self":[{"href":"https:\/\/diarioregionaldigital.com.br\/index.php?rest_route=\/wp\/v2\/posts\/217201","targetHints":{"allow":["GET"]}}],"collection":[{"href":"https:\/\/diarioregionaldigital.com.br\/index.php?rest_route=\/wp\/v2\/posts"}],"about":[{"href":"https:\/\/diarioregionaldigital.com.br\/index.php?rest_route=\/wp\/v2\/types\/post"}],"author":[{"embeddable":true,"href":"https:\/\/diarioregionaldigital.com.br\/index.php?rest_route=\/wp\/v2\/users\/246"}],"replies":[{"embeddable":true,"href":"https:\/\/diarioregionaldigital.com.br\/index.php?rest_route=%2Fwp%2Fv2%2Fcomments&post=217201"}],"version-history":[{"count":1,"href":"https:\/\/diarioregionaldigital.com.br\/index.php?rest_route=\/wp\/v2\/posts\/217201\/revisions"}],"predecessor-version":[{"id":217203,"href":"https:\/\/diarioregionaldigital.com.br\/index.php?rest_route=\/wp\/v2\/posts\/217201\/revisions\/217203"}],"wp:featuredmedia":[{"embeddable":true,"href":"https:\/\/diarioregionaldigital.com.br\/index.php?rest_route=\/wp\/v2\/media\/217202"}],"wp:attachment":[{"href":"https:\/\/diarioregionaldigital.com.br\/index.php?rest_route=%2Fwp%2Fv2%2Fmedia&parent=217201"}],"wp:term":[{"taxonomy":"category","embeddable":true,"href":"https:\/\/diarioregionaldigital.com.br\/index.php?rest_route=%2Fwp%2Fv2%2Fcategories&post=217201"},{"taxonomy":"post_tag","embeddable":true,"href":"https:\/\/diarioregionaldigital.com.br\/index.php?rest_route=%2Fwp%2Fv2%2Ftags&post=217201"}],"curies":[{"name":"wp","href":"https:\/\/api.w.org\/{rel}","templated":true}]}}