{"id":217198,"date":"2023-08-14T21:08:19","date_gmt":"2023-08-15T00:08:19","guid":{"rendered":"https:\/\/diarioregionaldigital.com.br\/?p=217198"},"modified":"2023-08-14T21:08:19","modified_gmt":"2023-08-15T00:08:19","slug":"pretinha-eterniza-os-pes-na-calcada-da-fama-do-maracana","status":"publish","type":"post","link":"https:\/\/diarioregionaldigital.com.br\/?p=217198","title":{"rendered":"Pretinha eterniza os p\u00e9s na Cal\u00e7ada da Fama do Maracan\u00e3"},"content":{"rendered":"<p>Delma Gon\u00e7alves, a Pretinha, teve os p\u00e9s eternizados na Cal\u00e7ada da Fama do est\u00e1dio do Maracan\u00e3 na manh\u00e3 desta segunda-feira (14). A ex-jogadora marcou \u00e9poca pela sele\u00e7\u00e3o brasileira, pela qual disputou quatro edi\u00e7\u00f5es de Jogos Ol\u00edmpicos (1996, 2000, 2004 e 2008) e quatro Copas do Mundo (1991, 1995, 1999 e 2007).<img decoding=\"async\" src=\"https:\/\/agenciabrasil.ebc.com.br\/ebc.png?id=1548783&amp;o=node\" \/><img decoding=\"async\" src=\"https:\/\/agenciabrasil.ebc.com.br\/ebc.gif?id=1548783&amp;o=node\" \/><\/p>\n<p>\u201cA ficha t\u00e1 caindo aos poucos. Essa \u00e9 a verdade. Dessa responsabilidade de ser a segunda mulher [Marta foi a primeira] a eternizar os p\u00e9s aqui na Cal\u00e7ada da Fama, de representar todas as mulheres, independente se jogam futebol ou n\u00e3o, mas o importante \u00e9 poder estar aqui. Acho que aos poucos eu vou come\u00e7ar a perceber o tamanho da responsabilidade de ser a segunda mulher a eternizar os p\u00e9s na Cal\u00e7ada da Fama. Estou muito feliz com essa homenagem, de poder representar todas as mulheres que praticam o esporte e todas as mulheres do nosso Brasil\u201d, declarou Pretinha, que, al\u00e9m da Rainha Marta, dividir\u00e1 espa\u00e7o com outros nomes refer\u00eancia no futebol brasileiro como Pel\u00e9, Garrincha, Zico e Didi.<\/p>\n<p>Pretinha foi uma das pioneiras do futebol feminino no Brasil, participando com destaque da campanha do pa\u00eds nos Jogos de Atlanta, em 1996 (a primeira Olimp\u00edada que teve o futebol feminino em seu programa), sendo a artilheira da competi\u00e7\u00e3o com quatro gols. Ela tamb\u00e9m esteve nas campanhas que garantiram duas pratas ol\u00edmpicas, nos Jogos de Atenas (Gr\u00e9cia), em 2004, e de Pequim (China), em 2008.<\/p>\n<p>A ex-atacante tamb\u00e9m defendeu a sele\u00e7\u00e3o brasileira na Copa do Mundo de 2007, disputada na China e na qual o Brasil terminou com o vice-campeonato ap\u00f3s ser derrotado pela Alemanha na decis\u00e3o.<\/p>\n<p><span style=\"font-weight: 400;\"><br \/>\n<\/span><span style=\"font-weight: 400;\">Fonte: Ag\u00eancia Brasil <\/span><\/p>\n","protected":false},"excerpt":{"rendered":"<p>Delma Gon\u00e7alves, a Pretinha, teve os p\u00e9s eternizados na Cal\u00e7ada da Fama do est\u00e1dio do Maracan\u00e3 na manh\u00e3 desta segunda-feira (14). A ex-jogadora marcou \u00e9poca pela sele\u00e7\u00e3o brasileira, pela qual disputou quatro edi\u00e7\u00f5es de Jogos Ol\u00edmpicos (1996, 2000, 2004 e 2008) e quatro Copas do Mundo (1991, 1995, 1999 e 2007). \u201cA ficha t\u00e1 caindo [&hellip;]<\/p>\n","protected":false},"author":246,"featured_media":217199,"comment_status":"closed","ping_status":"closed","sticky":false,"template":"","format":"standard","meta":{"footnotes":""},"categories":[436,440,257,439],"tags":[],"class_list":["post-217198","post","type-post","status-publish","format-standard","has-post-thumbnail","hentry","category-destaque-da-semana","category-destaques-do-dia","category-esporte","category-ultima-hora"],"_links":{"self":[{"href":"https:\/\/diarioregionaldigital.com.br\/index.php?rest_route=\/wp\/v2\/posts\/217198","targetHints":{"allow":["GET"]}}],"collection":[{"href":"https:\/\/diarioregionaldigital.com.br\/index.php?rest_route=\/wp\/v2\/posts"}],"about":[{"href":"https:\/\/diarioregionaldigital.com.br\/index.php?rest_route=\/wp\/v2\/types\/post"}],"author":[{"embeddable":true,"href":"https:\/\/diarioregionaldigital.com.br\/index.php?rest_route=\/wp\/v2\/users\/246"}],"replies":[{"embeddable":true,"href":"https:\/\/diarioregionaldigital.com.br\/index.php?rest_route=%2Fwp%2Fv2%2Fcomments&post=217198"}],"version-history":[{"count":1,"href":"https:\/\/diarioregionaldigital.com.br\/index.php?rest_route=\/wp\/v2\/posts\/217198\/revisions"}],"predecessor-version":[{"id":217200,"href":"https:\/\/diarioregionaldigital.com.br\/index.php?rest_route=\/wp\/v2\/posts\/217198\/revisions\/217200"}],"wp:featuredmedia":[{"embeddable":true,"href":"https:\/\/diarioregionaldigital.com.br\/index.php?rest_route=\/wp\/v2\/media\/217199"}],"wp:attachment":[{"href":"https:\/\/diarioregionaldigital.com.br\/index.php?rest_route=%2Fwp%2Fv2%2Fmedia&parent=217198"}],"wp:term":[{"taxonomy":"category","embeddable":true,"href":"https:\/\/diarioregionaldigital.com.br\/index.php?rest_route=%2Fwp%2Fv2%2Fcategories&post=217198"},{"taxonomy":"post_tag","embeddable":true,"href":"https:\/\/diarioregionaldigital.com.br\/index.php?rest_route=%2Fwp%2Fv2%2Ftags&post=217198"}],"curies":[{"name":"wp","href":"https:\/\/api.w.org\/{rel}","templated":true}]}}