{"id":217189,"date":"2023-08-14T20:55:06","date_gmt":"2023-08-14T23:55:06","guid":{"rendered":"https:\/\/diarioregionaldigital.com.br\/?p=217189"},"modified":"2023-08-14T20:55:06","modified_gmt":"2023-08-14T23:55:06","slug":"moraes-vota-por-tornar-reus-mais-70-envolvidos-com-atos-golpistas","status":"publish","type":"post","link":"https:\/\/diarioregionaldigital.com.br\/?p=217189","title":{"rendered":"Moraes vota por tornar r\u00e9us mais 70 envolvidos com atos golpistas"},"content":{"rendered":"<p>O ministro Alexandre de Moraes, do Supremo Tribunal Federal (STF), votou hoje (14) por tornar r\u00e9us mais 70 pessoas denunciadas por participa\u00e7\u00e3o nos atos golpista de 8 de janeiro, quando as sedes do Tr\u00eas Poderes, em Bras\u00edlia, foram invadidas e depredadas por apoiadores do ex-presidente Jair Bolsonaro.\u00a0<img decoding=\"async\" src=\"https:\/\/agenciabrasil.ebc.com.br\/ebc.png?id=1548709&amp;o=node\" \/><img decoding=\"async\" src=\"https:\/\/agenciabrasil.ebc.com.br\/ebc.gif?id=1548709&amp;o=node\" \/><\/p>\n<p>Esse \u00e9 mais um grupo de den\u00fancias que est\u00e3o sendo julgadas\u00a0em conjunto\u00a0pelo plen\u00e1rio virtual do Supremo, em que n\u00e3o h\u00e1 delibera\u00e7\u00e3o presencial, mas apenas votos depositados eletronicamente.<\/p>\n<p>At\u00e9 o momento, a Procuradoria-Geral da Rep\u00fablica (PGR) denunciou 1.390 pessoas por envolvimento nos atos antidemocr\u00e1ticos. Dessas, 1.246 j\u00e1 foram aceitas. Caso a nova leva tamb\u00e9m seja acolhida pelos ministros do Supremo, o total vai a 1.316.<\/p>\n<p>A maioria dos denunciados responde por crimes como incita\u00e7\u00e3o \u00e0 animosidade das For\u00e7as Armadas e associa\u00e7\u00e3o criminosa. Esse grupo corresponde aos que foram presos no acampamento em frente ao Quartel-General do Ex\u00e9rcito, em Bras\u00edlia, no dia seguinte aos ataques. No local, eram feitos pedidos di\u00e1rios de interven\u00e7\u00e3o militar para impedir a efetiva\u00e7\u00e3o do resultado da elei\u00e7\u00e3o presidencial de 2022.<\/p>\n<p>Um grupo menor, de mais de duas centenas de indiv\u00edduos, responde por crimes mais graves, como deteriora\u00e7\u00e3o de patrim\u00f4nio tombado da Uni\u00e3o, tentativa de golpe de Estado e associa\u00e7\u00e3o criminosa armada.<\/p>\n<p>Assim como nas seis\u00a0levas anteriores, a maioria considerou haver ind\u00edcios suficientes para a abertura de a\u00e7\u00e3o penal contra todos os acusados, que dessa maneira passam \u00e0 condi\u00e7\u00e3o de r\u00e9us. Com isso, abre-se nova fase de instru\u00e7\u00e3o processual, com oitiva de testemunhas e eventual produ\u00e7\u00e3o de mais provas.<\/p>\n<p>Ap\u00f3s a nova instru\u00e7\u00e3o processual, \u00e9 aberto\u00a0prazo para manifesta\u00e7\u00e3o final de acusa\u00e7\u00e3o e defesa. Somente depois dessa \u00faltima etapa que deve ser julgada caso a caso, h\u00e1 eventual condena\u00e7\u00e3o dos envolvidos. N\u00e3o h\u00e1 prazo definido para que isso ocorra.<\/p>\n<p><span style=\"font-weight: 400;\"><br \/>\n<\/span><span style=\"font-weight: 400;\">Fonte: Ag\u00eancia Brasil <\/span><\/p>\n","protected":false},"excerpt":{"rendered":"<p>O ministro Alexandre de Moraes, do Supremo Tribunal Federal (STF), votou hoje (14) por tornar r\u00e9us mais 70 pessoas denunciadas por participa\u00e7\u00e3o nos atos golpista de 8 de janeiro, quando as sedes do Tr\u00eas Poderes, em Bras\u00edlia, foram invadidas e depredadas por apoiadores do ex-presidente Jair Bolsonaro.\u00a0 Esse \u00e9 mais um grupo de den\u00fancias que [&hellip;]<\/p>\n","protected":false},"author":246,"featured_media":217190,"comment_status":"closed","ping_status":"closed","sticky":false,"template":"","format":"standard","meta":{"footnotes":""},"categories":[436,254,439],"tags":[],"class_list":["post-217189","post","type-post","status-publish","format-standard","has-post-thumbnail","hentry","category-destaque-da-semana","category-politica","category-ultima-hora"],"_links":{"self":[{"href":"https:\/\/diarioregionaldigital.com.br\/index.php?rest_route=\/wp\/v2\/posts\/217189","targetHints":{"allow":["GET"]}}],"collection":[{"href":"https:\/\/diarioregionaldigital.com.br\/index.php?rest_route=\/wp\/v2\/posts"}],"about":[{"href":"https:\/\/diarioregionaldigital.com.br\/index.php?rest_route=\/wp\/v2\/types\/post"}],"author":[{"embeddable":true,"href":"https:\/\/diarioregionaldigital.com.br\/index.php?rest_route=\/wp\/v2\/users\/246"}],"replies":[{"embeddable":true,"href":"https:\/\/diarioregionaldigital.com.br\/index.php?rest_route=%2Fwp%2Fv2%2Fcomments&post=217189"}],"version-history":[{"count":1,"href":"https:\/\/diarioregionaldigital.com.br\/index.php?rest_route=\/wp\/v2\/posts\/217189\/revisions"}],"predecessor-version":[{"id":217191,"href":"https:\/\/diarioregionaldigital.com.br\/index.php?rest_route=\/wp\/v2\/posts\/217189\/revisions\/217191"}],"wp:featuredmedia":[{"embeddable":true,"href":"https:\/\/diarioregionaldigital.com.br\/index.php?rest_route=\/wp\/v2\/media\/217190"}],"wp:attachment":[{"href":"https:\/\/diarioregionaldigital.com.br\/index.php?rest_route=%2Fwp%2Fv2%2Fmedia&parent=217189"}],"wp:term":[{"taxonomy":"category","embeddable":true,"href":"https:\/\/diarioregionaldigital.com.br\/index.php?rest_route=%2Fwp%2Fv2%2Fcategories&post=217189"},{"taxonomy":"post_tag","embeddable":true,"href":"https:\/\/diarioregionaldigital.com.br\/index.php?rest_route=%2Fwp%2Fv2%2Ftags&post=217189"}],"curies":[{"name":"wp","href":"https:\/\/api.w.org\/{rel}","templated":true}]}}