{"id":217180,"date":"2023-08-14T20:41:01","date_gmt":"2023-08-14T23:41:01","guid":{"rendered":"https:\/\/diarioregionaldigital.com.br\/?p=217180"},"modified":"2023-08-14T20:41:01","modified_gmt":"2023-08-14T23:41:01","slug":"aberto-o-prazo-para-entrega-da-declaracao-do-imposto-territorial-rural","status":"publish","type":"post","link":"https:\/\/diarioregionaldigital.com.br\/?p=217180","title":{"rendered":"Aberto o prazo para entrega da Declara\u00e7\u00e3o do Imposto Territorial Rural"},"content":{"rendered":"<p>Come\u00e7a nesta segunda-feira (14) o prazo para envio da Declara\u00e7\u00e3o do Imposto sobre a Propriedade Territorial Rural (DITR) de 2023. O tributo deve ser pago por pessoas f\u00edsica ou jur\u00eddica que possuam, a qualquer t\u00edtulo, im\u00f3vel rural. A declara\u00e7\u00e3o deve ser entregue at\u00e9 as 23h59min59s do dia 29 de setembro.<img decoding=\"async\" src=\"https:\/\/agenciabrasil.ebc.com.br\/ebc.png?id=1548711&amp;o=node\" \/><img decoding=\"async\" src=\"https:\/\/agenciabrasil.ebc.com.br\/ebc.gif?id=1548711&amp;o=node\" \/><\/p>\n<p>A DITR deve ser enviada por meio do Programa Gerador da Declara\u00e7\u00e3o do ITR (Programa ITR 2023), dispon\u00edvel no\u00a0<em><a href=\"https:\/\/www.gov.br\/receitafederal\/pt-br\/centrais-de-conteudo\/download\/pgd\/ditr\" target=\"_blank\" rel=\"noopener\">site<\/a>\u00a0<\/em>da Receita Federal. O Minist\u00e9rio da Fazenda informa que o programa Receitanet pode ser usado para a transmiss\u00e3o da declara\u00e7\u00e3o.<\/p>\n<p>De acordo com a\u00a0<a href=\"http:\/\/normas.receita.fazenda.gov.br\/sijut2consulta\/link.action?idAto=131958\" target=\"_blank\" rel=\"noopener\">Instru\u00e7\u00e3o Normativa<\/a>\u00a0n\u00ba 2.151 da Receita Federal, est\u00e1 prevista multa de R$ 50 (m\u00ednimo) ou 1% ao m\u00eas-calend\u00e1rio calculado sobre o total do imposto devido em caso de atraso.<\/p>\n<p>\u201cO valor m\u00ednimo do imposto \u00e9 R$ 10. Valores inferiores a R$ 100 devem ser pagos em quota \u00fanica at\u00e9 o dia 29 de setembro de 2023. Valor superior a R$ 100 pode ser pago em at\u00e9 quatro quotas, mas cada quota deve ter valor igual ou superior a R$ 50\u201d, informa a Receita.<\/p>\n<p>A primeira parcela dever\u00e1 ser paga at\u00e9 29 de setembro. As demais, at\u00e9 o \u00faltimo dia \u00fatil de cada m\u00eas, e ser\u00e3o acrescidas de juros Selic mais 1%.<\/p>\n<p>Mais detalhes sobre poss\u00edveis formas de pagamento do ITR podem ser obtidas no\u00a0<a href=\"https:\/\/www.gov.br\/fazenda\/pt-br\/assuntos\/noticias\/2023\/julho\/receita-divulga-prazo-e-regras-para-enviar-a-declaracao-do-imposto-sobre-a-propriedade-territorial-rural\" target=\"_blank\" rel=\"noopener\"><em>site<\/em><\/a>\u00a0da Receita Federal.<\/p>\n<p><span style=\"font-weight: 400;\">Fonte: Ag\u00eancia Brasil\u00a0<\/span><span style=\"font-weight: 400;\"><br \/>\n<\/span><\/p>\n","protected":false},"excerpt":{"rendered":"<p>Come\u00e7a nesta segunda-feira (14) o prazo para envio da Declara\u00e7\u00e3o do Imposto sobre a Propriedade Territorial Rural (DITR) de 2023. O tributo deve ser pago por pessoas f\u00edsica ou jur\u00eddica que possuam, a qualquer t\u00edtulo, im\u00f3vel rural. A declara\u00e7\u00e3o deve ser entregue at\u00e9 as 23h59min59s do dia 29 de setembro. A DITR deve ser enviada [&hellip;]<\/p>\n","protected":false},"author":246,"featured_media":217181,"comment_status":"closed","ping_status":"closed","sticky":false,"template":"","format":"standard","meta":{"footnotes":""},"categories":[436,261,439],"tags":[],"class_list":["post-217180","post","type-post","status-publish","format-standard","has-post-thumbnail","hentry","category-destaque-da-semana","category-economia","category-ultima-hora"],"_links":{"self":[{"href":"https:\/\/diarioregionaldigital.com.br\/index.php?rest_route=\/wp\/v2\/posts\/217180","targetHints":{"allow":["GET"]}}],"collection":[{"href":"https:\/\/diarioregionaldigital.com.br\/index.php?rest_route=\/wp\/v2\/posts"}],"about":[{"href":"https:\/\/diarioregionaldigital.com.br\/index.php?rest_route=\/wp\/v2\/types\/post"}],"author":[{"embeddable":true,"href":"https:\/\/diarioregionaldigital.com.br\/index.php?rest_route=\/wp\/v2\/users\/246"}],"replies":[{"embeddable":true,"href":"https:\/\/diarioregionaldigital.com.br\/index.php?rest_route=%2Fwp%2Fv2%2Fcomments&post=217180"}],"version-history":[{"count":1,"href":"https:\/\/diarioregionaldigital.com.br\/index.php?rest_route=\/wp\/v2\/posts\/217180\/revisions"}],"predecessor-version":[{"id":217182,"href":"https:\/\/diarioregionaldigital.com.br\/index.php?rest_route=\/wp\/v2\/posts\/217180\/revisions\/217182"}],"wp:featuredmedia":[{"embeddable":true,"href":"https:\/\/diarioregionaldigital.com.br\/index.php?rest_route=\/wp\/v2\/media\/217181"}],"wp:attachment":[{"href":"https:\/\/diarioregionaldigital.com.br\/index.php?rest_route=%2Fwp%2Fv2%2Fmedia&parent=217180"}],"wp:term":[{"taxonomy":"category","embeddable":true,"href":"https:\/\/diarioregionaldigital.com.br\/index.php?rest_route=%2Fwp%2Fv2%2Fcategories&post=217180"},{"taxonomy":"post_tag","embeddable":true,"href":"https:\/\/diarioregionaldigital.com.br\/index.php?rest_route=%2Fwp%2Fv2%2Ftags&post=217180"}],"curies":[{"name":"wp","href":"https:\/\/api.w.org\/{rel}","templated":true}]}}