{"id":217176,"date":"2023-08-14T20:39:15","date_gmt":"2023-08-14T23:39:15","guid":{"rendered":"https:\/\/diarioregionaldigital.com.br\/?p=217176"},"modified":"2023-08-14T20:39:15","modified_gmt":"2023-08-14T23:39:15","slug":"atividade-economica-desacelera-e-cresce-043-no-2o-trimestre","status":"publish","type":"post","link":"https:\/\/diarioregionaldigital.com.br\/?p=217176","title":{"rendered":"Atividade econ\u00f4mica desacelera e cresce 0,43% no 2\u00ba trimestre"},"content":{"rendered":"<p>A atividade econ\u00f4mica brasileira desacelerou no segundo trimestre deste ano, de acordo com informa\u00e7\u00f5es divulgadas nesta segunda-feira (14), em Bras\u00edlia, pelo Banco Central (BC). O \u00cdndice de Atividade Econ\u00f4mica do Banco Central (IBC-Br) teve alta de 0,43% de abril a junho em rela\u00e7\u00e3o ao trimestre anterior (janeiro a mar\u00e7o), de acordo com dados dessazonalizados (ajustados para o per\u00edodo). \u00a0<img decoding=\"async\" src=\"https:\/\/agenciabrasil.ebc.com.br\/ebc.png?id=1548719&amp;o=node\" \/><img decoding=\"async\" src=\"https:\/\/agenciabrasil.ebc.com.br\/ebc.gif?id=1548719&amp;o=node\" \/><\/p>\n<p>J\u00e1 no primeiro trimestre do ano o\u00a0<a href=\"http:\/\/agenciabrasil.ebc.com.br\/economia\/noticia\/2023-05\/atividade-economica-cresce-241-no-primeiro-trimestre-informa-bc\" target=\"_blank\" rel=\"noopener\">crescimento<\/a>\u00a0foi de 2,41%, se comparado ao trimestre anterior (outubro a dezembro de 2022).<\/p>\n<p>Em compara\u00e7\u00e3o ao trimestre de abril a junho de 2022, a alta foi de 2,65% (sem ajuste para o per\u00edodo, j\u00e1 que a compara\u00e7\u00e3o \u00e9 entre meses iguais).<\/p>\n<p>Em junho de 2023, o IBC-Br teve alta de 0,63%, atingindo 146,65 pontos. Na compara\u00e7\u00e3o com o mesmo m\u00eas de 2022, houve crescimento de 2,10% (tamb\u00e9m sem ajuste para o per\u00edodo). No acumulado em 12 meses, o indicador ficou positivo em 3,35%.<\/p>\n<p>O IBC-Br \u00e9 uma forma de avaliar a evolu\u00e7\u00e3o da atividade econ\u00f4mica do pa\u00eds e ajuda o BC a tomar decis\u00f5es sobre a taxa b\u00e1sica de juros, a Selic, definida atualmente em 13,25% ao ano. O \u00edndice incorpora informa\u00e7\u00f5es sobre o n\u00edvel de atividade de setores da economia \u2013 ind\u00fastria, com\u00e9rcio e servi\u00e7os e agropecu\u00e1ria \u2013, al\u00e9m do volume de impostos.<\/p>\n<p>A Selic \u00e9 o principal instrumento do BC para alcan\u00e7ar a meta de infla\u00e7\u00e3o. Quando o Copom aumenta a taxa b\u00e1sica de juros, a finalidade \u00e9 conter a demanda aquecida, e isso causa reflexos nos pre\u00e7os porque os juros mais altos encarecem o cr\u00e9dito e estimulam a poupan\u00e7a. Desse modo, taxas mais altas ajudam a redu\u00e7\u00e3o da infla\u00e7\u00e3o, mas tamb\u00e9m podem dificultar a expans\u00e3o da economia.<\/p>\n<h2>Queda da infla\u00e7\u00e3o<\/h2>\n<p>Diante da forte queda da infla\u00e7\u00e3o, o Comit\u00ea de Pol\u00edtica Monet\u00e1ria (Copom) do BC, iniciou, neste m\u00eas, um ciclo de redu\u00e7\u00e3o da Selic, o que deve estimular a atividade produtiva.<\/p>\n<p>A \u00faltima vez em que o BC tinha reduzido a Selic foi em agosto de 2020, quando a taxa caiu de 2,25% para 2% ao ano, em meio \u00e0 contra\u00e7\u00e3o econ\u00f4mica gerada pela pandemia de covid-19. Depois disso, o Copom elevou a Selic por 12 vezes consecutivas, num ciclo que come\u00e7ou em mar\u00e7o de 2021, em meio \u00e0 alta dos pre\u00e7os de alimentos, de energia e de combust\u00edveis, e, a partir de agosto do ano passado, manteve a taxa em 13,75% ao ano por sete vezes seguidas.<\/p>\n<p>Divulgado mensalmente, o IBC-Br emprega uma metodologia diferente da utilizada para medir o Produto Interno Bruto (PIB), que \u00e9 o indicador oficial da economia brasileira. Segundo o pr\u00f3prio BC, o \u00edndice \u201ccontribui para a elabora\u00e7\u00e3o de estrat\u00e9gia da pol\u00edtica monet\u00e1ria\u201d do pa\u00eds, mas \u201cn\u00e3o \u00e9 exatamente uma pr\u00e9via do PIB\u201d.<\/p>\n<p>Com resultado trimestral, o valor do PIB do segundo trimestre de 2023 ser\u00e1 divulgado em 1\u00ba de setembro pelo Instituto Brasileiro de Geografia e Estat\u00edstica (IBGE). O PIB \u00e9 a soma de todos os bens e servi\u00e7os finais produzidos por um pa\u00eds.<\/p>\n<p>Em junho,\u00a0<a href=\"https:\/\/agenciabrasil.ebc.com.br\/economia\/noticia\/2023-06\/economia-brasileira-cresce-19-no-primeiro-trimestre-deste-ano\" target=\"_blank\" rel=\"noopener\">o IBGE<\/a>\u00a0anunciou que o PIB cresceu 1,9 no primeiro trimestre deste ano, se comparado com o resultado dos \u00faltimos tr\u00eas meses de 2022. Na compara\u00e7\u00e3o com o primeiro trimestre do ano passado, a economia brasileira avan\u00e7ou 4%, enquanto o resultado dos \u00faltimos 12 meses representa uma alta de 3,3%. Em 2022, o PIB do Brasil cresceu 2,9%, totalizando R$ 9,9 trilh\u00f5es.<\/p>\n<p><span style=\"font-weight: 400;\">Fonte: Ag\u00eancia Brasil\u00a0<\/span><span style=\"font-weight: 400;\"><br \/>\n<\/span><\/p>\n","protected":false},"excerpt":{"rendered":"<p>A atividade econ\u00f4mica brasileira desacelerou no segundo trimestre deste ano, de acordo com informa\u00e7\u00f5es divulgadas nesta segunda-feira (14), em Bras\u00edlia, pelo Banco Central (BC). O \u00cdndice de Atividade Econ\u00f4mica do Banco Central (IBC-Br) teve alta de 0,43% de abril a junho em rela\u00e7\u00e3o ao trimestre anterior (janeiro a mar\u00e7o), de acordo com dados dessazonalizados (ajustados [&hellip;]<\/p>\n","protected":false},"author":246,"featured_media":217177,"comment_status":"closed","ping_status":"closed","sticky":false,"template":"","format":"standard","meta":{"footnotes":""},"categories":[436,261,439],"tags":[],"class_list":["post-217176","post","type-post","status-publish","format-standard","has-post-thumbnail","hentry","category-destaque-da-semana","category-economia","category-ultima-hora"],"_links":{"self":[{"href":"https:\/\/diarioregionaldigital.com.br\/index.php?rest_route=\/wp\/v2\/posts\/217176","targetHints":{"allow":["GET"]}}],"collection":[{"href":"https:\/\/diarioregionaldigital.com.br\/index.php?rest_route=\/wp\/v2\/posts"}],"about":[{"href":"https:\/\/diarioregionaldigital.com.br\/index.php?rest_route=\/wp\/v2\/types\/post"}],"author":[{"embeddable":true,"href":"https:\/\/diarioregionaldigital.com.br\/index.php?rest_route=\/wp\/v2\/users\/246"}],"replies":[{"embeddable":true,"href":"https:\/\/diarioregionaldigital.com.br\/index.php?rest_route=%2Fwp%2Fv2%2Fcomments&post=217176"}],"version-history":[{"count":2,"href":"https:\/\/diarioregionaldigital.com.br\/index.php?rest_route=\/wp\/v2\/posts\/217176\/revisions"}],"predecessor-version":[{"id":217179,"href":"https:\/\/diarioregionaldigital.com.br\/index.php?rest_route=\/wp\/v2\/posts\/217176\/revisions\/217179"}],"wp:featuredmedia":[{"embeddable":true,"href":"https:\/\/diarioregionaldigital.com.br\/index.php?rest_route=\/wp\/v2\/media\/217177"}],"wp:attachment":[{"href":"https:\/\/diarioregionaldigital.com.br\/index.php?rest_route=%2Fwp%2Fv2%2Fmedia&parent=217176"}],"wp:term":[{"taxonomy":"category","embeddable":true,"href":"https:\/\/diarioregionaldigital.com.br\/index.php?rest_route=%2Fwp%2Fv2%2Fcategories&post=217176"},{"taxonomy":"post_tag","embeddable":true,"href":"https:\/\/diarioregionaldigital.com.br\/index.php?rest_route=%2Fwp%2Fv2%2Ftags&post=217176"}],"curies":[{"name":"wp","href":"https:\/\/api.w.org\/{rel}","templated":true}]}}