{"id":217170,"date":"2023-08-13T06:00:47","date_gmt":"2023-08-13T09:00:47","guid":{"rendered":"https:\/\/diarioregionaldigital.com.br\/?p=217170"},"modified":"2023-08-12T00:20:50","modified_gmt":"2023-08-12T03:20:50","slug":"festa-da-educacao","status":"publish","type":"post","link":"https:\/\/diarioregionaldigital.com.br\/?p=217170","title":{"rendered":"Festa da educa\u00e7\u00e3o"},"content":{"rendered":"<p>Com a presen\u00e7a de mais de 200 pessoas, realizou-se em Bras\u00edlia a festa da Associa\u00e7\u00e3o Brasileira das Mantenedoras de Ensino Superior, em que se fez pela sexta vez a entrega do seu Pr\u00eamio de Jornalismo. O j\u00fari, constitu\u00eddo por Merval Pereira, Marcos Vila\u00e7a e Arnaldo Niskier, contemplou os oito trabalhos mais identificados, em n\u00edvel nacional, com as perspectivas da educa\u00e7\u00e3o brasileira.<\/p>\n<p>Assinala-se um fato palp\u00e1vel: desde que a ABMES constituiu esse pr\u00eamio, a cobertura de jornais e emissoras de r\u00e1dio e televis\u00e3o tem aumentado muito, com sugest\u00f5es concretas sobre o aperfei\u00e7oamento da rela\u00e7\u00e3o do pa\u00eds com a educa\u00e7\u00e3o e os meios de comunica\u00e7\u00e3o.<\/p>\n<p>Nessa oportunidade, por uma feliz decis\u00e3o do presidente da ABMES, professor Celso Niskier, esteve presente \u00e0 solenidade o Ministro da Educa\u00e7\u00e3o, Camilo Santana, que fez na ocasi\u00e3o um importante pronunciamento, o que valorizou em muito o evento mencionado.<\/p>\n<p>Todos os premiados puderam fazer declara\u00e7\u00f5es. Fazendo parte da mesa, tive a oportunidade de destacar o valor da promo\u00e7\u00e3o. \u201cForam 290 trabalhos de excelente n\u00edvel, o que dificultou enormemente a escolha dos vencedores. Foi\u00a0 a primeira vez que atingimos um n\u00famero t\u00e3o elevado.\u201d \u2013 disse na ocasi\u00e3o.<\/p>\n<p>Na oportunidade, foi prestada homenagem \u00e0 mem\u00f3ria do educador Edson Franco, do Par\u00e1, recentemente falecido, \u00a0e que foi presidente da ABMES.<\/p>\n<p>Tendo o ensejo de falar, critiquei a decis\u00e3o do governo de S\u00e3o Paulo, que recusou os livros impressos do Programa Nacional do Livro Did\u00e1tico, sob a alega\u00e7\u00e3o de que s\u00e3o muito superficiais. A Secretaria de Educa\u00e7\u00e3o sugeriu empregar, da 6\u00aa \u00e0 9\u00aa s\u00e9rie, materiais digitais. Essa escolha n\u00e3o tem ainda uma comprova\u00e7\u00e3o cient\u00edfica \u2013 e \u00e9 considerada uma verdadeira temeridade. O Secret\u00e1rio de Educa\u00e7\u00e3o ficou de reconsiderar a medida.<\/p>\n<p>A verdade \u00e9 que nem todas as escolas p\u00fablicas de S\u00e3o Paulo podem adotar a medida, com a necess\u00e1ria efici\u00eancia. E o resto do Brasil seguramente n\u00e3o tem condi\u00e7\u00f5es de acompanhar essa provid\u00eancia discut\u00edvel.<\/p>\n","protected":false},"excerpt":{"rendered":"<p>Com a presen\u00e7a de mais de 200 pessoas, realizou-se em Bras\u00edlia a festa da Associa\u00e7\u00e3o Brasileira das Mantenedoras de Ensino Superior, em que se fez pela sexta vez a entrega do seu Pr\u00eamio de Jornalismo. O j\u00fari, constitu\u00eddo por Merval Pereira, Marcos Vila\u00e7a e Arnaldo Niskier, contemplou os oito trabalhos mais identificados, em n\u00edvel nacional, [&hellip;]<\/p>\n","protected":false},"author":96,"featured_media":0,"comment_status":"closed","ping_status":"closed","sticky":false,"template":"","format":"standard","meta":{"footnotes":""},"categories":[275],"tags":[],"class_list":["post-217170","post","type-post","status-publish","format-standard","hentry","category-arnaldo-niskier"],"_links":{"self":[{"href":"https:\/\/diarioregionaldigital.com.br\/index.php?rest_route=\/wp\/v2\/posts\/217170","targetHints":{"allow":["GET"]}}],"collection":[{"href":"https:\/\/diarioregionaldigital.com.br\/index.php?rest_route=\/wp\/v2\/posts"}],"about":[{"href":"https:\/\/diarioregionaldigital.com.br\/index.php?rest_route=\/wp\/v2\/types\/post"}],"author":[{"embeddable":true,"href":"https:\/\/diarioregionaldigital.com.br\/index.php?rest_route=\/wp\/v2\/users\/96"}],"replies":[{"embeddable":true,"href":"https:\/\/diarioregionaldigital.com.br\/index.php?rest_route=%2Fwp%2Fv2%2Fcomments&post=217170"}],"version-history":[{"count":1,"href":"https:\/\/diarioregionaldigital.com.br\/index.php?rest_route=\/wp\/v2\/posts\/217170\/revisions"}],"predecessor-version":[{"id":217171,"href":"https:\/\/diarioregionaldigital.com.br\/index.php?rest_route=\/wp\/v2\/posts\/217170\/revisions\/217171"}],"wp:attachment":[{"href":"https:\/\/diarioregionaldigital.com.br\/index.php?rest_route=%2Fwp%2Fv2%2Fmedia&parent=217170"}],"wp:term":[{"taxonomy":"category","embeddable":true,"href":"https:\/\/diarioregionaldigital.com.br\/index.php?rest_route=%2Fwp%2Fv2%2Fcategories&post=217170"},{"taxonomy":"post_tag","embeddable":true,"href":"https:\/\/diarioregionaldigital.com.br\/index.php?rest_route=%2Fwp%2Fv2%2Ftags&post=217170"}],"curies":[{"name":"wp","href":"https:\/\/api.w.org\/{rel}","templated":true}]}}