{"id":217168,"date":"2023-08-13T06:00:42","date_gmt":"2023-08-13T09:00:42","guid":{"rendered":"https:\/\/diarioregionaldigital.com.br\/?p=217168"},"modified":"2023-08-12T00:19:37","modified_gmt":"2023-08-12T03:19:37","slug":"espirito-alma-e-corpo","status":"publish","type":"post","link":"https:\/\/diarioregionaldigital.com.br\/?p=217168","title":{"rendered":"Esp\u00edrito, alma e corpo"},"content":{"rendered":"<p>\u201cDe sorte que fomos sepultados com ele pelo batismo na morte; para que, como Cristo ressuscitou dos mortos pela gl\u00f3ria do Pai, assim andemos n\u00f3s tamb\u00e9m em novidade de vida. Porque, se fomos plantados juntamente com ele na semelhan\u00e7a da sua morte, tamb\u00e9m o seremos na da sua ressurrei\u00e7\u00e3o; sabendo isto: que o nosso velho homem foi com ele crucificado, para que o corpo do pecado seja desfeito, a fim de que n\u00e3o sirvamos mais ao pecado. Porque aquele que est\u00e1 morto est\u00e1 justificado do pecado. Ora, se j\u00e1 morremos com Cristo, cremos que tamb\u00e9m com ele viveremos\u201d (Romanos 6: 4-8)<\/p>\n<p>O que ocorre dentro de n\u00f3s no processo de justifica\u00e7\u00e3o? Na verdade, quando aceitamos Jesus Cristo como nosso Senhor e Salvador e nos deixamos envolver pelo arrependimento sincero e verdadeiro, Deus transforma o nosso esp\u00edrito. O Pai envia o Esp\u00edrito Santo para se conectar ao nosso e transform\u00e1-lo por inteiro.<\/p>\n<p>\u201cO esp\u00edrito do homem \u00e9 a l\u00e2mpada do Senhor, e vasculha cada parte do seu ser\u201d (Prov\u00e9rbios 20: 27).<\/p>\n<p>Kenneth E. Hagin, (Como voc\u00ea pode conhecer a vontade de Deus) homem de Deus e grande pregador, certa vez interpretou esse verso afirmando que Deus nos guia a partir de nosso esp\u00edrito, operando a partir do mais \u00edntimo do nosso ser.<\/p>\n<p>Na verdade, cada um de n\u00f3s \u00e9 uma s\u00f3 pessoa, parte externa, parte interna. No exterior somos corpo perec\u00edvel, no \u00edntimo somos esp\u00edrito imortal e entre os dois encontra-se a alma. Onde est\u00e1 o nosso \u201ceu\u201d verdadeiro? N\u00e3o na parte perec\u00edvel, mas no que \u00e9 eterno em n\u00f3s, na verdade, Hagin nos ensina: somos um ser espiritual que possui alma e habita em um corpo.<\/p>\n<p>Toda vez que as Escrituras fazem men\u00e7\u00e3o ao cora\u00e7\u00e3o trata exatamente desse nosso eu aut\u00eantico, o eu imperec\u00edvel.<\/p>\n<p>Quando descemos nas \u00e1guas do batismo no sepultamento do velho eu e emergimos renascidos com Cristo para um eu renovado, n\u00e3o recebemos um corpo novo, por\u00e9m, nosso esp\u00edrito \u00e9 completamente regenerado!<\/p>\n<p>E \u00e9 esse esp\u00edrito que pode renovar a alma, nossa raz\u00e3o e emo\u00e7\u00f5es, e cuidar melhor do corpo, a habita\u00e7\u00e3o que Deus nos deu enquanto estivermos caminhando por este planeta. Por\u00e9m, para que o Esp\u00edrito seja soberano e santifique todo o nosso ser, da alma em dire\u00e7\u00e3o ao corpo, precisamos entreg\u00e1-lo \u00e0 Deus para ser sua l\u00e2mpada e permitir que dele venha as instru\u00e7\u00f5es que nos conduzem aos pastos verdejantes e \u00e0s \u00e1guas tranquilas!<\/p>\n<p>Hagin ainda nos ensina que existem tr\u00eas vozes dentro de n\u00f3s: a do corpo que s\u00e3o os sentimentos, a da alma que \u00e9 a raz\u00e3o, enquanto a do Esp\u00edrito \u00e9 a consci\u00eancia. As tr\u00eas vozes podem entrar em conflito, o segredo est\u00e1 em entregar a raz\u00e3o \u00e0 voz da consci\u00eancia, disciplinando os sentimentos para que n\u00e3o mais governem nossos atos.<\/p>\n<p>Por isso Paulo far\u00e1 essa afirma\u00e7\u00e3o no cap\u00edtulo 8 da Carta aos Romanos<\/p>\n<p>\u201cPorque os que s\u00e3o segundo a carne inclinam-se para as coisas da carne; mas os que s\u00e3o segundo o Esp\u00edrito, para as coisas do Esp\u00edrito\u201d (Romanos 8: 5).<\/p>\n<p>Quando submergimos, o nosso velho eu fica l\u00e1, e ao retornar \u00e0 superf\u00edcie, vem a tona uma nova vida dedicada a Cristo, o que implica em ter de reaprender a viver. \u00c9 aqui que participamos da obra regeneradora que at\u00e9 ent\u00e3o foi conduzida exclusivamente por Deus. Precisamos domar nossa antiga forma de ser, controlar as emo\u00e7\u00f5es, deixar o Esp\u00edrito Santo moderar nosso intelecto, transformando a alma para ent\u00e3o dar um novo prop\u00f3sito ao corpo.<\/p>\n<p>E uma vez transformada a alma, o corpo n\u00e3o ser\u00e1 mais um guia cego que nos dirige a perdi\u00e7\u00e3o, mas um corpo ofertado para a obra de Deus:<\/p>\n<p>\u201cN\u00e3o reine, portanto, o pecado em vosso corpo mortal, para lhe obedecerdes em suas concupisc\u00eancias; nem tampouco apresenteis os vossos membros ao pecado por instrumentos de iniquidade; mas apresentai-vos a Deus, como vivos dentre mortos, e os vossos membros a Deus, como instrumentos de justi\u00e7a\u201d (Romanos 6: 12, 12).<\/p>\n","protected":false},"excerpt":{"rendered":"<p>\u201cDe sorte que fomos sepultados com ele pelo batismo na morte; para que, como Cristo ressuscitou dos mortos pela gl\u00f3ria do Pai, assim andemos n\u00f3s tamb\u00e9m em novidade de vida. Porque, se fomos plantados juntamente com ele na semelhan\u00e7a da sua morte, tamb\u00e9m o seremos na da sua ressurrei\u00e7\u00e3o; sabendo isto: que o nosso velho [&hellip;]<\/p>\n","protected":false},"author":96,"featured_media":0,"comment_status":"closed","ping_status":"closed","sticky":false,"template":"","format":"standard","meta":{"footnotes":""},"categories":[1244],"tags":[],"class_list":["post-217168","post","type-post","status-publish","format-standard","hentry","category-oleg-abramov"],"_links":{"self":[{"href":"https:\/\/diarioregionaldigital.com.br\/index.php?rest_route=\/wp\/v2\/posts\/217168","targetHints":{"allow":["GET"]}}],"collection":[{"href":"https:\/\/diarioregionaldigital.com.br\/index.php?rest_route=\/wp\/v2\/posts"}],"about":[{"href":"https:\/\/diarioregionaldigital.com.br\/index.php?rest_route=\/wp\/v2\/types\/post"}],"author":[{"embeddable":true,"href":"https:\/\/diarioregionaldigital.com.br\/index.php?rest_route=\/wp\/v2\/users\/96"}],"replies":[{"embeddable":true,"href":"https:\/\/diarioregionaldigital.com.br\/index.php?rest_route=%2Fwp%2Fv2%2Fcomments&post=217168"}],"version-history":[{"count":1,"href":"https:\/\/diarioregionaldigital.com.br\/index.php?rest_route=\/wp\/v2\/posts\/217168\/revisions"}],"predecessor-version":[{"id":217169,"href":"https:\/\/diarioregionaldigital.com.br\/index.php?rest_route=\/wp\/v2\/posts\/217168\/revisions\/217169"}],"wp:attachment":[{"href":"https:\/\/diarioregionaldigital.com.br\/index.php?rest_route=%2Fwp%2Fv2%2Fmedia&parent=217168"}],"wp:term":[{"taxonomy":"category","embeddable":true,"href":"https:\/\/diarioregionaldigital.com.br\/index.php?rest_route=%2Fwp%2Fv2%2Fcategories&post=217168"},{"taxonomy":"post_tag","embeddable":true,"href":"https:\/\/diarioregionaldigital.com.br\/index.php?rest_route=%2Fwp%2Fv2%2Ftags&post=217168"}],"curies":[{"name":"wp","href":"https:\/\/api.w.org\/{rel}","templated":true}]}}