{"id":217162,"date":"2023-08-11T20:24:50","date_gmt":"2023-08-11T23:24:50","guid":{"rendered":"https:\/\/diarioregionaldigital.com.br\/?p=217162"},"modified":"2023-08-11T20:24:50","modified_gmt":"2023-08-11T23:24:50","slug":"projeto-financiado-pelo-edital-murilao-leva-arte-e-cultura-aos-distritos-de-jf","status":"publish","type":"post","link":"https:\/\/diarioregionaldigital.com.br\/?p=217162","title":{"rendered":"Projeto financiado pelo Edital Muril\u00e3o leva arte e cultura aos distritos de JF"},"content":{"rendered":"<p>Segundo informa\u00e7\u00f5es do site da Prefeitura de Juiz de Fora (PJF), s<span style=\"font-weight: 400;\">eis distritos e localidades de Juiz de Fora ser\u00e3o contemplados com o projeto \u201cCaravana Circense Liter\u00e1ria\u201d, que tem como objetivo oferecer atra\u00e7\u00f5es culturais gratuitas em espa\u00e7os p\u00fablicos, atendendo uma popula\u00e7\u00e3o distante do eixo central da cidade. A estreia do projeto acontece neste s\u00e1bado, 12, na Escola Municipal Nagib F\u00e9lix Cury (Rua Principal), no Distrito de Penido.\u00a0<\/span><\/p>\n<p><span style=\"font-weight: 400;\">\u00a0<\/span><\/p>\n<p>&nbsp;<\/p>\n<p><span style=\"font-weight: 400;\">A partir das 9h, os estudantes da unidade poder\u00e3o participar de oficinas e conta\u00e7\u00e3o de hist\u00f3rias. As atividades ser\u00e3o encerradas com o espet\u00e1culo \u201cCirco de S\u00f3 Ele\u201d, \u00e0s 10h30, aberto ao p\u00fablico e livre para todas as idades. A \u201cCaravana Circense Liter\u00e1ria\u201d \u00e9 uma a\u00e7\u00e3o da Cia. Tripan\u00f3ssomos, com financiamento do Edital Muril\u00e3o, do Programa Cultural Murilo Mendes, mantido pela Prefeitura de Juiz de Fora (PJF) e gerido pela Funda\u00e7\u00e3o Cultural Alfredo Ferreira Lage (Funalfa).\u00a0<\/span><\/p>\n<p><span style=\"font-weight: 400;\">\u00a0<\/span><\/p>\n<p>&nbsp;<\/p>\n<p><span style=\"font-weight: 400;\">\u201cCom esse projeto, buscamos levar arte e cultura de qualidade para regi\u00f5es tradicionalmente esquecidas pelos agentes culturais. At\u00e9 pela dist\u00e2ncia mesmo, os projetos art\u00edsticos tendem a acontecer na regi\u00e3o central ou nos bairros. Ent\u00e3o, queremos proporcionar a essas comunidades atividades de cunho cultural, promovendo o encontro entre crian\u00e7as e adultos e gerando mem\u00f3rias afetivas\u201d, afirma Rodrigo Mangal, um dos integrantes da companhia. Ele acrescenta que tamb\u00e9m h\u00e1 interesse em despertar o interesse pelo fazer art\u00edstico.<\/span><\/p>\n<p><span style=\"font-weight: 400;\">\u00a0<\/span><\/p>\n<p>&nbsp;<\/p>\n<p><span style=\"font-weight: 400;\">As apresenta\u00e7\u00f5es acontecer\u00e3o sempre em uma pra\u00e7a pr\u00f3xima ou nas instala\u00e7\u00f5es das escolas municipais das localidades atendidas, que s\u00e3o parceiras na execu\u00e7\u00e3o do projeto. A caravana conta com uma Kombi estilizada, batizada de Clipper Cultural, que funciona como uma biblioteca ambulante. Ao redor do ve\u00edculo, ser\u00e3o dispostos bancos e mesas para a realiza\u00e7\u00e3o das oficinas e leituras, garantindo conforto para o p\u00fablico.<\/span><\/p>\n<p><span style=\"font-weight: 400;\">\u00a0<\/span><\/p>\n<p>&nbsp;<\/p>\n<p><span style=\"font-weight: 400;\">Confira a programa\u00e7\u00e3o deste s\u00e1bado<\/span><\/p>\n<p><span style=\"font-weight: 400;\">\u00a0<\/span><\/p>\n<p>&nbsp;<\/p>\n<p><span style=\"font-weight: 400;\">&#8211; 9h &#8211; Oficina de escrita criativa de livros cartoneros (produzidos artesanalmente a partir de papel\u00e3o e outros materiais recicl\u00e1veis), com Lauriana Paiva<\/span><\/p>\n<p><span style=\"font-weight: 400;\">\u00a0<\/span><\/p>\n<p>&nbsp;<\/p>\n<p><span style=\"font-weight: 400;\">&#8211; 9h30 &#8211; Oficina de habilidades circenses, com Leonardo Vital<\/span><\/p>\n<p><span style=\"font-weight: 400;\">\u00a0<\/span><\/p>\n<p>&nbsp;<\/p>\n<p><span style=\"font-weight: 400;\">&#8211; 10h &#8211; Conta\u00e7\u00e3o de hist\u00f3rias, com Mara Bomtempo<\/span><\/p>\n<p><span style=\"font-weight: 400;\">\u00a0<\/span><\/p>\n<p>&nbsp;<\/p>\n<p><span style=\"font-weight: 400;\">&#8211; 10h30 &#8211; Apresenta\u00e7\u00e3o do espet\u00e1culo circense Circo de S\u00f3 Ele \u2013 Sinopse: O Palha\u00e7o Cl\u00e1udio e a Palha\u00e7a Maria Pudim v\u00e3o assistir a apresenta\u00e7\u00e3o do maior artista de circo do mundo, Nikolai Vlovl\u00f3ski, nascido no Quirguist\u00e3o. Um artista t\u00e3o espetacular que possui para si um circo onde somente ele \u00e9 a atra\u00e7\u00e3o de todos os n\u00fameros, o Circo de S\u00f3 Ele, apresentado pelo Palha\u00e7o Arfr\u00e2nio, mestre de cerim\u00f4nias. A pe\u00e7a \u00e9 inspirada nas tradicionais \u201creprises\u201d, esquetes de palha\u00e7os apresentadas ao longo da hist\u00f3ria nos circos brasileiros. Conta ainda com demonstra\u00e7\u00f5es de habilidades como malabares, m\u00e1gicas, monociclo e equilibrismo.<\/span><\/p>\n<p><span style=\"font-weight: 400;\">\u00a0<\/span><\/p>\n<p>&nbsp;<\/p>\n<p><span style=\"font-weight: 400;\">Elenco: Rodrigo Mangal (Palha\u00e7o Cl\u00e1udio), Mara Bomtempo (Palha\u00e7a Maria Pudim), Revelino Mattos (Arfr\u00e2nio) e Leonardo Vital (Nikolai Vlovl\u00f3ski).<\/span><\/p>\n<p><span style=\"font-weight: 400;\">\u00a0<\/span><\/p>\n<p>&nbsp;<\/p>\n<p><span style=\"font-weight: 400;\">As pr\u00f3ximas localidades que receber\u00e3o a caravana:<\/span><\/p>\n<p><span style=\"font-weight: 400;\">\u00a0<\/span><\/p>\n<p>&nbsp;<\/p>\n<p><span style=\"font-weight: 400;\">&#8211; Sala Anexa Luiza Tente \u2013 Povoado de Toledos;<\/span><\/p>\n<p>&nbsp;<\/p>\n<p><span style=\"font-weight: 400;\">&#8211; E. M. Camilo Guedes \u2013 Distrito de Valadares;<\/span><\/p>\n<p>&nbsp;<\/p>\n<p><span style=\"font-weight: 400;\">&#8211; E. M. Helena Antipof \u2013 Distrito de Ros\u00e1rio;<\/span><\/p>\n<p>&nbsp;<\/p>\n<p><span style=\"font-weight: 400;\">&#8211; E. M. Padre Wilson \u2013 Distrito de Igrejinha;<\/span><\/p>\n<p>&nbsp;<\/p>\n<p><span style=\"font-weight: 400;\">&#8211; E. M. Cel. Em\u00edlio Esteves dos Reis \u2013 Distrito de Humait\u00e1.<\/span><\/p>\n<p>&nbsp;<\/p>\n","protected":false},"excerpt":{"rendered":"<p>Segundo informa\u00e7\u00f5es do site da Prefeitura de Juiz de Fora (PJF), seis distritos e localidades de Juiz de Fora ser\u00e3o contemplados com o projeto \u201cCaravana Circense Liter\u00e1ria\u201d, que tem como objetivo oferecer atra\u00e7\u00f5es culturais gratuitas em espa\u00e7os p\u00fablicos, atendendo uma popula\u00e7\u00e3o distante do eixo central da cidade. A estreia do projeto acontece neste s\u00e1bado, 12, [&hellip;]<\/p>\n","protected":false},"author":246,"featured_media":217163,"comment_status":"closed","ping_status":"closed","sticky":false,"template":"","format":"standard","meta":{"footnotes":""},"categories":[253,436,440,439],"tags":[],"class_list":["post-217162","post","type-post","status-publish","format-standard","has-post-thumbnail","hentry","category-cidade","category-destaque-da-semana","category-destaques-do-dia","category-ultima-hora"],"_links":{"self":[{"href":"https:\/\/diarioregionaldigital.com.br\/index.php?rest_route=\/wp\/v2\/posts\/217162","targetHints":{"allow":["GET"]}}],"collection":[{"href":"https:\/\/diarioregionaldigital.com.br\/index.php?rest_route=\/wp\/v2\/posts"}],"about":[{"href":"https:\/\/diarioregionaldigital.com.br\/index.php?rest_route=\/wp\/v2\/types\/post"}],"author":[{"embeddable":true,"href":"https:\/\/diarioregionaldigital.com.br\/index.php?rest_route=\/wp\/v2\/users\/246"}],"replies":[{"embeddable":true,"href":"https:\/\/diarioregionaldigital.com.br\/index.php?rest_route=%2Fwp%2Fv2%2Fcomments&post=217162"}],"version-history":[{"count":1,"href":"https:\/\/diarioregionaldigital.com.br\/index.php?rest_route=\/wp\/v2\/posts\/217162\/revisions"}],"predecessor-version":[{"id":217164,"href":"https:\/\/diarioregionaldigital.com.br\/index.php?rest_route=\/wp\/v2\/posts\/217162\/revisions\/217164"}],"wp:featuredmedia":[{"embeddable":true,"href":"https:\/\/diarioregionaldigital.com.br\/index.php?rest_route=\/wp\/v2\/media\/217163"}],"wp:attachment":[{"href":"https:\/\/diarioregionaldigital.com.br\/index.php?rest_route=%2Fwp%2Fv2%2Fmedia&parent=217162"}],"wp:term":[{"taxonomy":"category","embeddable":true,"href":"https:\/\/diarioregionaldigital.com.br\/index.php?rest_route=%2Fwp%2Fv2%2Fcategories&post=217162"},{"taxonomy":"post_tag","embeddable":true,"href":"https:\/\/diarioregionaldigital.com.br\/index.php?rest_route=%2Fwp%2Fv2%2Ftags&post=217162"}],"curies":[{"name":"wp","href":"https:\/\/api.w.org\/{rel}","templated":true}]}}