{"id":217159,"date":"2023-08-11T20:15:21","date_gmt":"2023-08-11T23:15:21","guid":{"rendered":"https:\/\/diarioregionaldigital.com.br\/?p=217159"},"modified":"2023-08-11T20:15:21","modified_gmt":"2023-08-11T23:15:21","slug":"definidas-datas-e-horarios-das-quartas-da-libertadores-e-sul-americana","status":"publish","type":"post","link":"https:\/\/diarioregionaldigital.com.br\/?p=217159","title":{"rendered":"Definidas datas e hor\u00e1rios das quartas da Libertadores e Sul-Americana"},"content":{"rendered":"<p><span style=\"font-weight: 400;\">A Confedera\u00e7\u00e3o Sul-Americana de Futebol (Conmebol) definiu nesta sexta-feira (11) as datas e hor\u00e1rios dos jogos de ida e volta das quartas de final das Copas Libertadores e Sul-Americana, principais torneios continentais. Os jogos de ida das quartas de ambas as competi\u00e7\u00f5es continentais ocorrer\u00e3o de 22 a 25 de agosto, e os confrontos da volta ser\u00e3o na semana seguinte, de 29 a 31 de agosto.\u00a0<\/span><\/p>\n<p><span style=\"font-weight: 400;\">\u00a0<\/span><\/p>\n<p><span style=\"font-weight: 400;\">Fluminense, Internacional e Palmeiras seguem firmes na busca do t\u00edtulo da Libertadores, junto com Bol\u00edvar (Bol\u00edvia), Deportivo Pereira (Col\u00f4mbia), Boca Junior e Racing &#8211; ambos da Argentina, e Olimpia (Paraguai) Os times que avan\u00e7arem \u00e0s semifinais receber\u00e3o premia\u00e7\u00e3o de US$ 2,3 milh\u00f5es (o equivalente a R$ 11,3 milh\u00f5es) concedida pela Conmebol.<\/span><\/p>\n<p><span style=\"font-weight: 400;\"><br \/>\n<\/span><span style=\"font-weight: 400;\">No caso da Copa Sul-Americana, o Brasil quebrou o recorde de times nas quartas, com cinco clubes na disputa: Am\u00e9rica-MG, Botafogo, Corinthians, Fortaleza e S\u00e3o Paulo. Os outros times nesta fase s\u00e3o os argentinos Estudiantes e Defensa y Justicia, e o equatoriano LDU. Apenas o confronto de volta entre Fortaleza e Am\u00e9rica-MG segue com o local ainda \u201ca confirmar\u201d. Inicialmente a Conmebol mencionou na tabela a Arena Castel\u00e3o, mas o est\u00e1dio ainda passar\u00e1 por uma vistoria para avalia\u00e7\u00e3o do gramado.<\/span><\/p>\n<p><span style=\"font-weight: 400;\">\u00a0<\/span><\/p>\n<p><span style=\"font-weight: 400;\">\u00a0As equipes que se classificarem \u00e0s semifinais ser\u00e3o contempladas com premia\u00e7\u00e3o de US$ 800 mil (R$ 3,9 milh\u00f5es).<\/span><\/p>\n<p><span style=\"font-weight: 400;\"><\/p>\n<p>Fonte: Ag\u00eancia Brasil <\/span><\/p>\n","protected":false},"excerpt":{"rendered":"<p>A Confedera\u00e7\u00e3o Sul-Americana de Futebol (Conmebol) definiu nesta sexta-feira (11) as datas e hor\u00e1rios dos jogos de ida e volta das quartas de final das Copas Libertadores e Sul-Americana, principais torneios continentais. Os jogos de ida das quartas de ambas as competi\u00e7\u00f5es continentais ocorrer\u00e3o de 22 a 25 de agosto, e os confrontos da volta [&hellip;]<\/p>\n","protected":false},"author":246,"featured_media":217160,"comment_status":"closed","ping_status":"closed","sticky":false,"template":"","format":"standard","meta":{"footnotes":""},"categories":[436,440,257,439],"tags":[],"class_list":["post-217159","post","type-post","status-publish","format-standard","has-post-thumbnail","hentry","category-destaque-da-semana","category-destaques-do-dia","category-esporte","category-ultima-hora"],"_links":{"self":[{"href":"https:\/\/diarioregionaldigital.com.br\/index.php?rest_route=\/wp\/v2\/posts\/217159","targetHints":{"allow":["GET"]}}],"collection":[{"href":"https:\/\/diarioregionaldigital.com.br\/index.php?rest_route=\/wp\/v2\/posts"}],"about":[{"href":"https:\/\/diarioregionaldigital.com.br\/index.php?rest_route=\/wp\/v2\/types\/post"}],"author":[{"embeddable":true,"href":"https:\/\/diarioregionaldigital.com.br\/index.php?rest_route=\/wp\/v2\/users\/246"}],"replies":[{"embeddable":true,"href":"https:\/\/diarioregionaldigital.com.br\/index.php?rest_route=%2Fwp%2Fv2%2Fcomments&post=217159"}],"version-history":[{"count":1,"href":"https:\/\/diarioregionaldigital.com.br\/index.php?rest_route=\/wp\/v2\/posts\/217159\/revisions"}],"predecessor-version":[{"id":217161,"href":"https:\/\/diarioregionaldigital.com.br\/index.php?rest_route=\/wp\/v2\/posts\/217159\/revisions\/217161"}],"wp:featuredmedia":[{"embeddable":true,"href":"https:\/\/diarioregionaldigital.com.br\/index.php?rest_route=\/wp\/v2\/media\/217160"}],"wp:attachment":[{"href":"https:\/\/diarioregionaldigital.com.br\/index.php?rest_route=%2Fwp%2Fv2%2Fmedia&parent=217159"}],"wp:term":[{"taxonomy":"category","embeddable":true,"href":"https:\/\/diarioregionaldigital.com.br\/index.php?rest_route=%2Fwp%2Fv2%2Fcategories&post=217159"},{"taxonomy":"post_tag","embeddable":true,"href":"https:\/\/diarioregionaldigital.com.br\/index.php?rest_route=%2Fwp%2Fv2%2Ftags&post=217159"}],"curies":[{"name":"wp","href":"https:\/\/api.w.org\/{rel}","templated":true}]}}