{"id":217153,"date":"2023-08-11T20:01:46","date_gmt":"2023-08-11T23:01:46","guid":{"rendered":"https:\/\/diarioregionaldigital.com.br\/?p=217153"},"modified":"2023-08-11T20:01:46","modified_gmt":"2023-08-11T23:01:46","slug":"inflacao-da-construcao-cai-para-023-em-julho","status":"publish","type":"post","link":"https:\/\/diarioregionaldigital.com.br\/?p=217153","title":{"rendered":"Infla\u00e7\u00e3o da constru\u00e7\u00e3o cai para 0,23% em julho"},"content":{"rendered":"<p>O \u00cdndice Nacional da Constru\u00e7\u00e3o Civil (Sinapi) registrou infla\u00e7\u00e3o de 0,23% em julho deste ano, inferior ao 0,39% de junho. Segundo o Instituto Brasileiro de Geografia e Estat\u00edstica (IBGE), o Sinapi acumula taxa de infla\u00e7\u00e3o de 3,52% em 12 meses, abaixo aos 4,82% acumulados at\u00e9 junho.<img decoding=\"async\" src=\"https:\/\/agenciabrasil.ebc.com.br\/ebc.png?id=1548469&amp;o=node\" \/><img decoding=\"async\" src=\"https:\/\/agenciabrasil.ebc.com.br\/ebc.gif?id=1548469&amp;o=node\" \/><\/p>\n<p>O custo nacional da constru\u00e7\u00e3o passou a ser de R$ 1.710,37 por metro quadrado.<\/p>\n<p>A m\u00e3o de obra teve alta de pre\u00e7os de 0,53%, passando a custar R$ 708,59 por metro quadrado. J\u00e1 os materiais variaram apenas 0,01% e passaram a ter um custo por metro quadrado de R$ 1.001,78.<\/p>\n<p><span style=\"font-weight: 400;\">Fonte: Ag\u00eancia Brasil <\/span><\/p>\n","protected":false},"excerpt":{"rendered":"<p>O \u00cdndice Nacional da Constru\u00e7\u00e3o Civil (Sinapi) registrou infla\u00e7\u00e3o de 0,23% em julho deste ano, inferior ao 0,39% de junho. Segundo o Instituto Brasileiro de Geografia e Estat\u00edstica (IBGE), o Sinapi acumula taxa de infla\u00e7\u00e3o de 3,52% em 12 meses, abaixo aos 4,82% acumulados at\u00e9 junho. O custo nacional da constru\u00e7\u00e3o passou a ser de [&hellip;]<\/p>\n","protected":false},"author":246,"featured_media":217154,"comment_status":"closed","ping_status":"closed","sticky":false,"template":"","format":"standard","meta":{"footnotes":""},"categories":[436,440,261,439],"tags":[],"class_list":["post-217153","post","type-post","status-publish","format-standard","has-post-thumbnail","hentry","category-destaque-da-semana","category-destaques-do-dia","category-economia","category-ultima-hora"],"_links":{"self":[{"href":"https:\/\/diarioregionaldigital.com.br\/index.php?rest_route=\/wp\/v2\/posts\/217153","targetHints":{"allow":["GET"]}}],"collection":[{"href":"https:\/\/diarioregionaldigital.com.br\/index.php?rest_route=\/wp\/v2\/posts"}],"about":[{"href":"https:\/\/diarioregionaldigital.com.br\/index.php?rest_route=\/wp\/v2\/types\/post"}],"author":[{"embeddable":true,"href":"https:\/\/diarioregionaldigital.com.br\/index.php?rest_route=\/wp\/v2\/users\/246"}],"replies":[{"embeddable":true,"href":"https:\/\/diarioregionaldigital.com.br\/index.php?rest_route=%2Fwp%2Fv2%2Fcomments&post=217153"}],"version-history":[{"count":1,"href":"https:\/\/diarioregionaldigital.com.br\/index.php?rest_route=\/wp\/v2\/posts\/217153\/revisions"}],"predecessor-version":[{"id":217155,"href":"https:\/\/diarioregionaldigital.com.br\/index.php?rest_route=\/wp\/v2\/posts\/217153\/revisions\/217155"}],"wp:featuredmedia":[{"embeddable":true,"href":"https:\/\/diarioregionaldigital.com.br\/index.php?rest_route=\/wp\/v2\/media\/217154"}],"wp:attachment":[{"href":"https:\/\/diarioregionaldigital.com.br\/index.php?rest_route=%2Fwp%2Fv2%2Fmedia&parent=217153"}],"wp:term":[{"taxonomy":"category","embeddable":true,"href":"https:\/\/diarioregionaldigital.com.br\/index.php?rest_route=%2Fwp%2Fv2%2Fcategories&post=217153"},{"taxonomy":"post_tag","embeddable":true,"href":"https:\/\/diarioregionaldigital.com.br\/index.php?rest_route=%2Fwp%2Fv2%2Ftags&post=217153"}],"curies":[{"name":"wp","href":"https:\/\/api.w.org\/{rel}","templated":true}]}}