{"id":217146,"date":"2023-08-10T19:56:59","date_gmt":"2023-08-10T22:56:59","guid":{"rendered":"https:\/\/diarioregionaldigital.com.br\/?p=217146"},"modified":"2023-08-10T19:56:59","modified_gmt":"2023-08-10T22:56:59","slug":"prefeitura-inicia-recapeamento-da-avenida-deusdedith-salgado-no-salvaterra","status":"publish","type":"post","link":"https:\/\/diarioregionaldigital.com.br\/?p=217146","title":{"rendered":"Prefeitura inicia recapeamento da Avenida Deusdedith Salgado, no Salvaterra"},"content":{"rendered":"<p>Segundo informa\u00e7\u00f5es do site da Prefeitura de Juiz de Fora (PJF), a PJF iniciou nesta quinta-feira, 10, os trabalhos de recapeamento asf\u00e1ltico na Avenida Deusdedith Salgado, no bairro Salvaterra. Os trabalhos fazem parte das obras de implanta\u00e7\u00e3o da nova rede de \u00e1gua tratada que a Cesama est\u00e1 finalizando na regi\u00e3o.<\/p>\n<p>A avenida, uma das principais vias de acesso \u00e0 cidade, receber\u00e1 asfalto novo em toda a sua extens\u00e3o, nos dois sentidos, totalizando quase seis quil\u00f4metros de comprimento, em uma \u00e1rea de mais de 57 mil metros quadrados.<\/p>\n<p>Os benef\u00edcios do novo pavimento ser\u00e3o sentidos imediatamente por quem transita pela Deusdedith, mas, para al\u00e9m dos ganhos no conforto e na seguran\u00e7a do tr\u00e2nsito, as obras na rede de abastecimento ir\u00e3o garantir mais qualidade de vida para grande parte da popula\u00e7\u00e3o.<\/p>\n<p>Os trabalhos foram iniciados em 2022, e incluem a implanta\u00e7\u00e3o de 8.900 metros de tubula\u00e7\u00e3o, garantindo \u00e1gua tratada para os moradores. At\u00e9 ent\u00e3o, a regi\u00e3o n\u00e3o era atendida pelos servi\u00e7os de abastecimento da Cesama, mas por po\u00e7os rasos ou profundos de pequena vaz\u00e3o, sem o tratamento adequado da \u00e1gua consumida.<\/p>\n<p>Vale lembrar que todos os trabalhos de zeladoria do munic\u00edpio fazem parte do Programa Boniteza. A programa\u00e7\u00e3o completa das atividades realizadas pela PJF pode ser consultada atrav\u00e9s da p\u00e1gina do Gabinete de A\u00e7\u00e3o e Di\u00e1logo Comunit\u00e1rio, pelo\u00a0<a href=\"https:\/\/www.pjf.mg.gov.br\/gabinetecomunitario\/\"><strong>link<\/strong><\/a>.<\/p>\n","protected":false},"excerpt":{"rendered":"<p>Segundo informa\u00e7\u00f5es do site da Prefeitura de Juiz de Fora (PJF), a PJF iniciou nesta quinta-feira, 10, os trabalhos de recapeamento asf\u00e1ltico na Avenida Deusdedith Salgado, no bairro Salvaterra. Os trabalhos fazem parte das obras de implanta\u00e7\u00e3o da nova rede de \u00e1gua tratada que a Cesama est\u00e1 finalizando na regi\u00e3o. A avenida, uma das principais [&hellip;]<\/p>\n","protected":false},"author":246,"featured_media":217147,"comment_status":"closed","ping_status":"closed","sticky":false,"template":"","format":"standard","meta":{"footnotes":""},"categories":[253,436,439],"tags":[],"class_list":["post-217146","post","type-post","status-publish","format-standard","has-post-thumbnail","hentry","category-cidade","category-destaque-da-semana","category-ultima-hora"],"_links":{"self":[{"href":"https:\/\/diarioregionaldigital.com.br\/index.php?rest_route=\/wp\/v2\/posts\/217146","targetHints":{"allow":["GET"]}}],"collection":[{"href":"https:\/\/diarioregionaldigital.com.br\/index.php?rest_route=\/wp\/v2\/posts"}],"about":[{"href":"https:\/\/diarioregionaldigital.com.br\/index.php?rest_route=\/wp\/v2\/types\/post"}],"author":[{"embeddable":true,"href":"https:\/\/diarioregionaldigital.com.br\/index.php?rest_route=\/wp\/v2\/users\/246"}],"replies":[{"embeddable":true,"href":"https:\/\/diarioregionaldigital.com.br\/index.php?rest_route=%2Fwp%2Fv2%2Fcomments&post=217146"}],"version-history":[{"count":1,"href":"https:\/\/diarioregionaldigital.com.br\/index.php?rest_route=\/wp\/v2\/posts\/217146\/revisions"}],"predecessor-version":[{"id":217148,"href":"https:\/\/diarioregionaldigital.com.br\/index.php?rest_route=\/wp\/v2\/posts\/217146\/revisions\/217148"}],"wp:featuredmedia":[{"embeddable":true,"href":"https:\/\/diarioregionaldigital.com.br\/index.php?rest_route=\/wp\/v2\/media\/217147"}],"wp:attachment":[{"href":"https:\/\/diarioregionaldigital.com.br\/index.php?rest_route=%2Fwp%2Fv2%2Fmedia&parent=217146"}],"wp:term":[{"taxonomy":"category","embeddable":true,"href":"https:\/\/diarioregionaldigital.com.br\/index.php?rest_route=%2Fwp%2Fv2%2Fcategories&post=217146"},{"taxonomy":"post_tag","embeddable":true,"href":"https:\/\/diarioregionaldigital.com.br\/index.php?rest_route=%2Fwp%2Fv2%2Ftags&post=217146"}],"curies":[{"name":"wp","href":"https:\/\/api.w.org\/{rel}","templated":true}]}}