{"id":217143,"date":"2023-08-10T19:55:33","date_gmt":"2023-08-10T22:55:33","guid":{"rendered":"https:\/\/diarioregionaldigital.com.br\/?p=217143"},"modified":"2023-08-10T19:55:33","modified_gmt":"2023-08-10T22:55:33","slug":"pjf-inicia-reforma-dos-restaurantes-populares","status":"publish","type":"post","link":"https:\/\/diarioregionaldigital.com.br\/?p=217143","title":{"rendered":"PJF inicia reforma dos Restaurantes Populares"},"content":{"rendered":"<p>Segundo informa\u00e7\u00f5es do site da Prefeitura de Juiz de Fora (PJF), t<span style=\"color: #333333; font-size: 16px;\">eve in\u00edcio nesta quinta-feira, 10, as obras de reforma dos Restaurantes Populares\u00a0 de Juiz de Fora, Unidades Centro e Benfica. O equipamento de Seguran\u00e7a Alimentar e Nutricional da Zona Norte receber\u00e1 diversos reparos os quais permitir\u00e3o a sua reabertura.\u00a0<\/span><\/p>\n<div id=\"box_texto_noticia\">\n<div>Todo o piso do segundo pavimento ser\u00e1 reconstru\u00eddo, al\u00e9m da recupera\u00e7\u00e3o do acesso de ve\u00edculos na parte externa, troca de port\u00f5es e portas que estavam deteriorados, recupera\u00e7\u00e3o da parte el\u00e9trica, instala\u00e7\u00e3o de modernas lumin\u00e1rias em LED, nova pintura em todo o espa\u00e7o, e mais servi\u00e7os diversos de acabamento. Com a reabertura do espa\u00e7o ser\u00e1 poss\u00edvel servir 300 refei\u00e7\u00f5es por dia.<\/div>\n<div>O Restaurante Popular do Centro atende, diariamente, mil pessoas em m\u00e9dia. O espa\u00e7o receber\u00e1 reforma nos telhados, ter\u00e1 pintura interna e externa e reparos diversos para que os usu\u00e1rios sejam atendidos em uma unidade mais moderna e acolhedora. As melhorias tamb\u00e9m impactam a rotina de trabalho dos funcion\u00e1rios do local. O funcionamento n\u00e3o ser\u00e1 interrompido durante as obras.<\/div>\n<div>Conforme a secret\u00e1ria de Agricultura, Pecu\u00e1ria e Abastecimento, Fabiola Paulino da Silva, \u201ca\u00a0 reforma \u00e9 uma \u00f3tima not\u00edcia para a comunidade da Zona Norte e tamb\u00e9m para o Centro. Recebemos elogios em rela\u00e7\u00e3o a qualidade do almo\u00e7o e do atendimento do Restaurante do Centro, e um espa\u00e7o mais bonito e reformado faz toda a diferen\u00e7a&#8221;.<\/div>\n<div>\n<strong>Os Restaurantes funcionam no endere\u00e7o a seguir:<\/strong><\/div>\n<div>Restaurante Yeda Duarte Gomes<\/div>\n<div>\nLocal: Rua Halfeld, 305 &#8211; Centro.<\/div>\n<div>\nHor\u00e1rio: das 10h \u00e0s 14h<\/p>\n<p>Anexo: Restaurante Jo\u00e3o Batista Ribeiro<\/p><\/div>\n<div>Local: Rua Diogo \u00c1lvares, 664 &#8211; Benfica<\/div>\n<div>\nNo espa\u00e7o s\u00e3o disponibilizadas refei\u00e7\u00f5es nutricionalmente balanceadas para o p\u00fablico por R$ 3,50 e fornecidas para as pessoas em situa\u00e7\u00e3o de vulnerabilidade social e alimentar.<\/div>\n<\/div>\n<p>&nbsp;<\/p>\n<div id=\"box_compartilhar\" align=\"right\"><\/div>\n","protected":false},"excerpt":{"rendered":"<p>Segundo informa\u00e7\u00f5es do site da Prefeitura de Juiz de Fora (PJF), teve in\u00edcio nesta quinta-feira, 10, as obras de reforma dos Restaurantes Populares\u00a0 de Juiz de Fora, Unidades Centro e Benfica. O equipamento de Seguran\u00e7a Alimentar e Nutricional da Zona Norte receber\u00e1 diversos reparos os quais permitir\u00e3o a sua reabertura.\u00a0 Todo o piso do segundo [&hellip;]<\/p>\n","protected":false},"author":246,"featured_media":217144,"comment_status":"closed","ping_status":"closed","sticky":false,"template":"","format":"standard","meta":{"footnotes":""},"categories":[253,436,439],"tags":[],"class_list":["post-217143","post","type-post","status-publish","format-standard","has-post-thumbnail","hentry","category-cidade","category-destaque-da-semana","category-ultima-hora"],"_links":{"self":[{"href":"https:\/\/diarioregionaldigital.com.br\/index.php?rest_route=\/wp\/v2\/posts\/217143","targetHints":{"allow":["GET"]}}],"collection":[{"href":"https:\/\/diarioregionaldigital.com.br\/index.php?rest_route=\/wp\/v2\/posts"}],"about":[{"href":"https:\/\/diarioregionaldigital.com.br\/index.php?rest_route=\/wp\/v2\/types\/post"}],"author":[{"embeddable":true,"href":"https:\/\/diarioregionaldigital.com.br\/index.php?rest_route=\/wp\/v2\/users\/246"}],"replies":[{"embeddable":true,"href":"https:\/\/diarioregionaldigital.com.br\/index.php?rest_route=%2Fwp%2Fv2%2Fcomments&post=217143"}],"version-history":[{"count":1,"href":"https:\/\/diarioregionaldigital.com.br\/index.php?rest_route=\/wp\/v2\/posts\/217143\/revisions"}],"predecessor-version":[{"id":217145,"href":"https:\/\/diarioregionaldigital.com.br\/index.php?rest_route=\/wp\/v2\/posts\/217143\/revisions\/217145"}],"wp:featuredmedia":[{"embeddable":true,"href":"https:\/\/diarioregionaldigital.com.br\/index.php?rest_route=\/wp\/v2\/media\/217144"}],"wp:attachment":[{"href":"https:\/\/diarioregionaldigital.com.br\/index.php?rest_route=%2Fwp%2Fv2%2Fmedia&parent=217143"}],"wp:term":[{"taxonomy":"category","embeddable":true,"href":"https:\/\/diarioregionaldigital.com.br\/index.php?rest_route=%2Fwp%2Fv2%2Fcategories&post=217143"},{"taxonomy":"post_tag","embeddable":true,"href":"https:\/\/diarioregionaldigital.com.br\/index.php?rest_route=%2Fwp%2Fv2%2Ftags&post=217143"}],"curies":[{"name":"wp","href":"https:\/\/api.w.org\/{rel}","templated":true}]}}