{"id":217134,"date":"2023-08-10T19:38:06","date_gmt":"2023-08-10T22:38:06","guid":{"rendered":"https:\/\/diarioregionaldigital.com.br\/?p=217134"},"modified":"2023-08-10T19:38:06","modified_gmt":"2023-08-10T22:38:06","slug":"etapa-do-circuito-mundial-reune-os-melhores-do-tenis-de-mesa-no-rj","status":"publish","type":"post","link":"https:\/\/diarioregionaldigital.com.br\/?p=217134","title":{"rendered":"Etapa do circuito mundial re\u00fane os melhores do t\u00eanis de mesa no RJ"},"content":{"rendered":"<p>As disputa das chaves principais do WTT Contender<a href=\"https:\/\/worldtabletennis.com\/eventInfo?selectedTab=Results&amp;innerselectedTab=Scheduled&amp;eventId=2722\">,<\/a>\u00a0etapa do circuito mundial de t\u00eanis de mesa, come\u00e7am \u00e0s 10h (hor\u00e1rio de Bras\u00edlia) desta quinta-feira (10), na Arena Carioca I, no Parque Ol\u00edmpico, na Barra da Tijuca, zona oeste do Rio de Janeiro. Pela primeira vez no Brasil, o evento re\u00fane\u00a0<a href=\"https:\/\/worldtabletennis.com\/eventInfo?eventId=2722\">120 atletas de 35 pa\u00edses<\/a>, entre eles 25 brasileiros (14 homens e 11 mulheres), incluindo Hugo Calderano, n\u00famero 5 do mundo e favorito ao t\u00edtulo. \u00a0Os vencedores garantem 400 pontos no ranking da Federa\u00e7\u00e3o Internacional de T\u00eanis de Mesa (ITTF, na sigla em ingl\u00eas), um dos par\u00e2metros para a classifica\u00e7\u00e3o \u00e0 Olimp\u00edada de Paris 2024. A competi\u00e7\u00e3o tem\u00a0<a href=\"https:\/\/www.youtube.com\/@WTTGlobal\">transmiss\u00e3o ao vivo<\/a>\u00a0no canal da World Table Tennis (WTT) no YouTube.<img decoding=\"async\" src=\"https:\/\/agenciabrasil.ebc.com.br\/ebc.png?id=1548184&amp;o=node\" \/><img decoding=\"async\" src=\"https:\/\/agenciabrasil.ebc.com.br\/ebc.gif?id=1548184&amp;o=node\" \/><\/p>\n<p>Na disputa masculina da chave de simples, al\u00e9m do carioca Calderano, est\u00e3o outros bem ranqueados como o sul coreano Jang Woo-jin (8\u00ba) e o alem\u00e3o Dimitrijj Ovtcharov (10\u00ba). Na competi\u00e7\u00e3o feminina, as mais bem posicionadas s\u00e3o a japonesa Hina Hayata (8\u00aa), a porto-riquenha Adriana Diaz (12\u00aa), a romena Bernadette Szocks (13\u00aa) e a taiwanesa Cheng I-Ching (15\u00aa).<\/p>\n<p>Nas disputas individuais, o Brasil contar\u00e1 com Calderano, Vitor Ishiy, Guilherme Teodoro \u2013 que assegurou vaga no classificat\u00f3rio \u2013 as irm\u00e3s Bruna e Giulia Takahashi, Bruna Alexandre e Laura Watanabe. Al\u00e9m deles Carlos Ishida, Eric Jouti e Victoria Strassburger tamb\u00e9m representam o Brasil na fase principal, mas nas disputas de duplas. \u00a0O paulista Victor Ishiy (104\u00ba) participa como convidada da organiza\u00e7\u00e3o do evento.<\/p>\n<p>O WTT Contender do Rio teve in\u00edcio na \u00faltima segunda (7), com as disputas classificat\u00f3rias (<em>qualifying<\/em>) que se estenderam at\u00e9 esta quarta (9). Para avan\u00e7ar \u00e0 fase principal,\u00a0os atletas precisavam vencer tr\u00eas partidas. As finais do torneio\u00a0ser\u00e3o no domingo (13), a partir das 18h.<\/p>\n<h2>Programa\u00e7\u00e3o<\/h2>\n<p><a href=\"https:\/\/worldtabletennis.com\/eventInfo?selectedTab=Results&amp;innerselectedTab=Scheduled&amp;eventId=2722\"><strong>quinta-feira<\/strong>\u00a0(10) \u00a0<\/a><\/p>\n<p>10h &#8211; Oitavas de final de duplas mistas, \u00a0primeira rodada de simples masculino e feminino<\/p>\n<p>14h &#8211; Primeira rodada de simples masculino e feminino, oitavas de final de duplas masculinas e femininas<\/p>\n<p>18h &#8211; Primeira rodada de simples masculino e feminino, oitavas de final de duplas masculinas e femininas<\/p>\n<p><strong>Sexta (11)<\/strong><\/p>\n<p>10h &#8211; Oitavas de final de simples masculino e feminino, quartas de final de duplas masculinas e femininas<\/p>\n<p>13h &#8211; Quartas de final de duplas mistas, masculinas e femininas, oitavas de final de simples masculino e feminino<\/p>\n<p>18h &#8211; Oitavas de final de simples masculino e feminino, quartas de final de duplas masculinas e femininas, semifinais de duplas mistas<\/p>\n<p><strong>S\u00e1bado (12)<\/strong><\/p>\n<p>10h &#8211; Quartas de final de simples masculino e feminino<\/p>\n<p>14h &#8211; Semifinais de duplas masculinas e femininas<\/p>\n<p>17h &#8211; Semifinais de simples masculino e feminino<\/p>\n<p>19h30 &#8211; Final de duplas mistas<\/p>\n<p><strong>Domingo<\/strong>\u00a0(13)<\/p>\n<p>18h &#8211; Finais de simples masculino e feminino, finais de duplas masculino e feminino<\/p>\n<p><span style=\"font-weight: 400;\"><br \/>\n<\/span><span style=\"font-weight: 400;\">Fonte: Ag\u00eancia Brasil <\/span><\/p>\n","protected":false},"excerpt":{"rendered":"<p>As disputa das chaves principais do WTT Contender,\u00a0etapa do circuito mundial de t\u00eanis de mesa, come\u00e7am \u00e0s 10h (hor\u00e1rio de Bras\u00edlia) desta quinta-feira (10), na Arena Carioca I, no Parque Ol\u00edmpico, na Barra da Tijuca, zona oeste do Rio de Janeiro. Pela primeira vez no Brasil, o evento re\u00fane\u00a0120 atletas de 35 pa\u00edses, entre eles [&hellip;]<\/p>\n","protected":false},"author":246,"featured_media":217135,"comment_status":"closed","ping_status":"closed","sticky":false,"template":"","format":"standard","meta":{"footnotes":""},"categories":[436,257,439],"tags":[],"class_list":["post-217134","post","type-post","status-publish","format-standard","has-post-thumbnail","hentry","category-destaque-da-semana","category-esporte","category-ultima-hora"],"_links":{"self":[{"href":"https:\/\/diarioregionaldigital.com.br\/index.php?rest_route=\/wp\/v2\/posts\/217134","targetHints":{"allow":["GET"]}}],"collection":[{"href":"https:\/\/diarioregionaldigital.com.br\/index.php?rest_route=\/wp\/v2\/posts"}],"about":[{"href":"https:\/\/diarioregionaldigital.com.br\/index.php?rest_route=\/wp\/v2\/types\/post"}],"author":[{"embeddable":true,"href":"https:\/\/diarioregionaldigital.com.br\/index.php?rest_route=\/wp\/v2\/users\/246"}],"replies":[{"embeddable":true,"href":"https:\/\/diarioregionaldigital.com.br\/index.php?rest_route=%2Fwp%2Fv2%2Fcomments&post=217134"}],"version-history":[{"count":1,"href":"https:\/\/diarioregionaldigital.com.br\/index.php?rest_route=\/wp\/v2\/posts\/217134\/revisions"}],"predecessor-version":[{"id":217136,"href":"https:\/\/diarioregionaldigital.com.br\/index.php?rest_route=\/wp\/v2\/posts\/217134\/revisions\/217136"}],"wp:featuredmedia":[{"embeddable":true,"href":"https:\/\/diarioregionaldigital.com.br\/index.php?rest_route=\/wp\/v2\/media\/217135"}],"wp:attachment":[{"href":"https:\/\/diarioregionaldigital.com.br\/index.php?rest_route=%2Fwp%2Fv2%2Fmedia&parent=217134"}],"wp:term":[{"taxonomy":"category","embeddable":true,"href":"https:\/\/diarioregionaldigital.com.br\/index.php?rest_route=%2Fwp%2Fv2%2Fcategories&post=217134"},{"taxonomy":"post_tag","embeddable":true,"href":"https:\/\/diarioregionaldigital.com.br\/index.php?rest_route=%2Fwp%2Fv2%2Ftags&post=217134"}],"curies":[{"name":"wp","href":"https:\/\/api.w.org\/{rel}","templated":true}]}}