{"id":217130,"date":"2023-08-10T19:36:23","date_gmt":"2023-08-10T22:36:23","guid":{"rendered":"https:\/\/diarioregionaldigital.com.br\/?p=217130"},"modified":"2023-08-10T19:36:23","modified_gmt":"2023-08-10T22:36:23","slug":"serie-d-cbf-muda-data-da-partida-entre-bahia-de-feira-e-nacional","status":"publish","type":"post","link":"https:\/\/diarioregionaldigital.com.br\/?p=217130","title":{"rendered":"S\u00e9rie D: CBF muda data da partida entre Bahia de Feira e Nacional"},"content":{"rendered":"<p>A Confedera\u00e7\u00e3o Brasileira de Futebol (CBF) anunciou nesta quinta-feira (10) que a partida entre Bahia de Feira e Nacional-AM foi remarcada para a pr\u00f3xima segunda-feira (14). A decis\u00e3o de mudar a data da partida v\u00e1lida pelas oitavas de final da S\u00e9rie D do Campeonato Brasileiro foi tomada em raz\u00e3o do falecimento do atacante Jos\u00e9 Aldean Oliveira de Jesus, o Deon.<img decoding=\"async\" src=\"https:\/\/agenciabrasil.ebc.com.br\/ebc.png?id=1548416&amp;o=node\" \/><img decoding=\"async\" src=\"https:\/\/agenciabrasil.ebc.com.br\/ebc.gif?id=1548416&amp;o=node\" \/><\/p>\n<p>Segundo nota emitida pelo Bahia de Feira, Deon \u201cmorreu na tarde desta quarta-feira [8] durante treino da equipe na Arena Cajueiro. O jogador de 36 anos passou mal, chegou a ser atendido pelo SAMU, mas n\u00e3o resistiu\u201d.<\/p>\n<p>Inicialmente o confronto entre a equipe baiana e o Nacional-AM seria disputada a partir das 17h (hor\u00e1rio de Bras\u00edlia) do pr\u00f3ximo s\u00e1bado (12) na Arena Cajueiro. O confronto foi reagendado para a pr\u00f3xima segunda-feira (14), e ser\u00e1 disputado a partir das 19h no mesmo local.<\/p>\n<h2>Oitavas de final<\/h2>\n<p>Com isso as oitavas da S\u00e9rie D do Brasileiro come\u00e7am a ser disputadas no pr\u00f3ximo s\u00e1bado com quatro partidas: Atl\u00e9tico-CE contra Sousa, Cambori\u00fa versus Athletic, Ferrovi\u00e1ria e An\u00e1polis, Patrocinense diante da Portuguesa do Rio. No domingo ser\u00e1 a vez de o Caxias medir for\u00e7as com o Ceil\u00e2ndia, de o Maranh\u00e3o enfrentar o Retr\u00f4, e de o Nacional pegar o Ferrovi\u00e1rio, jogo que ter\u00e1 a transmiss\u00e3o ao vivo da\u00a0<strong>TV Brasil<\/strong>.<\/p>\n<h2>Confrontos de ida das oitavas da S\u00e9rie D:<\/h2>\n<p><strong>S\u00e1bado:<\/strong><\/p>\n<p>17h \u2013 Atl\u00e9tico (CE) x Sousa (PB) &#8211; Presidente Vargas (CE)<br \/>\n17h &#8211; Cambori\u00fa (SC) x Athletic (MG) &#8211; Herc\u00edlio Luz Itaja\u00ed (SC)<br \/>\n17h &#8211; Ferrovi\u00e1ria (SP) x An\u00e1polis (GO) &#8211; Fonte Luminosa (SP)<br \/>\n18h -Patrocinense (MG) x Portuguesa (RJ) &#8211; Pedro Nascimento (MG)<\/p>\n<p><strong>Domingo:<\/strong><\/p>\n<p>16h &#8211; Caxias (RS) x Ceil\u00e2ndia (DF) &#8211; Centen\u00e1rio (RS)<br \/>\n16h &#8211; Maranh\u00e3o (MA) x Retr\u00f4 (PE) &#8211; Castel\u00e3o (MA)<br \/>\n16h &#8211; Nacional (PB) x Ferrovi\u00e1rio (CE) &#8211; Z\u00e9 Cavalcanti (PB)<\/p>\n<p><strong>Segunda:<\/strong><\/p>\n<p>19h &#8211; Bahia de Feira (BA) x Nacional (AM) &#8211; Arena Cajueiro (BA)<\/p>\n<p><span style=\"font-weight: 400;\">Fonte: Ag\u00eancia Brasil <\/span><\/p>\n","protected":false},"excerpt":{"rendered":"<p>A Confedera\u00e7\u00e3o Brasileira de Futebol (CBF) anunciou nesta quinta-feira (10) que a partida entre Bahia de Feira e Nacional-AM foi remarcada para a pr\u00f3xima segunda-feira (14). A decis\u00e3o de mudar a data da partida v\u00e1lida pelas oitavas de final da S\u00e9rie D do Campeonato Brasileiro foi tomada em raz\u00e3o do falecimento do atacante Jos\u00e9 Aldean [&hellip;]<\/p>\n","protected":false},"author":246,"featured_media":217131,"comment_status":"closed","ping_status":"closed","sticky":false,"template":"","format":"standard","meta":{"footnotes":""},"categories":[436,257,439],"tags":[],"class_list":["post-217130","post","type-post","status-publish","format-standard","has-post-thumbnail","hentry","category-destaque-da-semana","category-esporte","category-ultima-hora"],"_links":{"self":[{"href":"https:\/\/diarioregionaldigital.com.br\/index.php?rest_route=\/wp\/v2\/posts\/217130","targetHints":{"allow":["GET"]}}],"collection":[{"href":"https:\/\/diarioregionaldigital.com.br\/index.php?rest_route=\/wp\/v2\/posts"}],"about":[{"href":"https:\/\/diarioregionaldigital.com.br\/index.php?rest_route=\/wp\/v2\/types\/post"}],"author":[{"embeddable":true,"href":"https:\/\/diarioregionaldigital.com.br\/index.php?rest_route=\/wp\/v2\/users\/246"}],"replies":[{"embeddable":true,"href":"https:\/\/diarioregionaldigital.com.br\/index.php?rest_route=%2Fwp%2Fv2%2Fcomments&post=217130"}],"version-history":[{"count":2,"href":"https:\/\/diarioregionaldigital.com.br\/index.php?rest_route=\/wp\/v2\/posts\/217130\/revisions"}],"predecessor-version":[{"id":217133,"href":"https:\/\/diarioregionaldigital.com.br\/index.php?rest_route=\/wp\/v2\/posts\/217130\/revisions\/217133"}],"wp:featuredmedia":[{"embeddable":true,"href":"https:\/\/diarioregionaldigital.com.br\/index.php?rest_route=\/wp\/v2\/media\/217131"}],"wp:attachment":[{"href":"https:\/\/diarioregionaldigital.com.br\/index.php?rest_route=%2Fwp%2Fv2%2Fmedia&parent=217130"}],"wp:term":[{"taxonomy":"category","embeddable":true,"href":"https:\/\/diarioregionaldigital.com.br\/index.php?rest_route=%2Fwp%2Fv2%2Fcategories&post=217130"},{"taxonomy":"post_tag","embeddable":true,"href":"https:\/\/diarioregionaldigital.com.br\/index.php?rest_route=%2Fwp%2Fv2%2Ftags&post=217130"}],"curies":[{"name":"wp","href":"https:\/\/api.w.org\/{rel}","templated":true}]}}