{"id":217127,"date":"2023-08-10T19:34:28","date_gmt":"2023-08-10T22:34:28","guid":{"rendered":"https:\/\/diarioregionaldigital.com.br\/?p=217127"},"modified":"2023-08-10T19:34:28","modified_gmt":"2023-08-10T22:34:28","slug":"brasil-conquista-duas-pratas-no-mundial-de-ciclismo-paralimpico","status":"publish","type":"post","link":"https:\/\/diarioregionaldigital.com.br\/?p=217127","title":{"rendered":"Brasil conquista duas pratas no Mundial de Ciclismo Paral\u00edmpico"},"content":{"rendered":"<p>O Brasil foi vice-campe\u00e3o duas vezes no Mundial de Ciclismo Paral\u00edmpico de pista e estrada, em Glasgow (Esc\u00f3cia), que vai at\u00e9 domingo (13). \u00a0Na manh\u00e3 desta quinta-feira (10), Lauro Chaman conquistou a prata na prova contrarrel\u00f3gio de estrada (classe C5) ao completar o percurso de 28,2 quil\u00f4metros em 35min40s67, apenas 39s66 atr\u00e1s do vencedor, o holand\u00eas Daniel Abraham Gebru (35min01s01). O bronze ficou com o franc\u00eas Dorian Foulon (36min18s16).\u00a0Esta \u00e9 a terceira medalha de Chaman no Reino Unido: ele j\u00e1 assegurara dois bronzes nas provas de pista \u00a0<em>scratch\u00a0<\/em>e\u00a0<em>omnium\u00a0<\/em>realizadas at\u00e9 ter\u00e7a (8)<em>.<\/em><img decoding=\"async\" src=\"https:\/\/agenciabrasil.ebc.com.br\/ebc.png?id=1548348&amp;o=node\" \/><img decoding=\"async\" src=\"https:\/\/agenciabrasil.ebc.com.br\/ebc.gif?id=1548348&amp;o=node\" \/><\/p>\n<p>Na quarta (10), a ciclista paulista Gilmara do Ros\u00e1rio j\u00e1 havia faturado a primeira medalha do pa\u00eds na disputa de pista contrarrel\u00f3gio da classe H2 (handbike). Gilmara foi vice-campe\u00e3 ao concluir a dist\u00e2ncia de 10,8 km em 34min37s07, atr\u00e1s apenas da italiana Roberta Amadeo (23min52s66). Outra italiana, Angela Procida (36min37s40) arrematou o bronze.<\/p>\n<p>A competi\u00e7\u00e3o \u00e9 que mais distribui pontos \u2013 o dobro do oferecido em etapas da Copa do Mundo &#8211; \u00a0para o ranking paral\u00edmpico de na\u00e7\u00f5es, par\u00e2metro para a defini\u00e7\u00e3o de vagas aos Jogos de Paris 2024.<\/p>\n<p>Al\u00e9m de Lauro Chaman e Gilmara do Ros\u00e1rio, a delega\u00e7\u00e3o brasileira est\u00e1 em Glasglow com outros 13 ciclistas. No time masculino est\u00e3o Carlos Soares, Andr\u00e9 Grizante, Victor Herling, Ronan Fonseca, Ulisses Freitas, Dave Raposo e Marcos Melo; e o feminino conta com Jady Malavazzi, Amanda Paiva, Carolina Leite, Sabrina Cust\u00f3dia, Vict\u00f3ria Barbosa, Mariana Garcia e Gilmara Sol.<\/p>\n<p><span style=\"font-weight: 400;\">Fonte: Ag\u00eancia Brasil <\/span><\/p>\n","protected":false},"excerpt":{"rendered":"<p>O Brasil foi vice-campe\u00e3o duas vezes no Mundial de Ciclismo Paral\u00edmpico de pista e estrada, em Glasgow (Esc\u00f3cia), que vai at\u00e9 domingo (13). \u00a0Na manh\u00e3 desta quinta-feira (10), Lauro Chaman conquistou a prata na prova contrarrel\u00f3gio de estrada (classe C5) ao completar o percurso de 28,2 quil\u00f4metros em 35min40s67, apenas 39s66 atr\u00e1s do vencedor, o [&hellip;]<\/p>\n","protected":false},"author":246,"featured_media":217128,"comment_status":"closed","ping_status":"closed","sticky":false,"template":"","format":"standard","meta":{"footnotes":""},"categories":[436,261,439],"tags":[],"class_list":["post-217127","post","type-post","status-publish","format-standard","has-post-thumbnail","hentry","category-destaque-da-semana","category-economia","category-ultima-hora"],"_links":{"self":[{"href":"https:\/\/diarioregionaldigital.com.br\/index.php?rest_route=\/wp\/v2\/posts\/217127","targetHints":{"allow":["GET"]}}],"collection":[{"href":"https:\/\/diarioregionaldigital.com.br\/index.php?rest_route=\/wp\/v2\/posts"}],"about":[{"href":"https:\/\/diarioregionaldigital.com.br\/index.php?rest_route=\/wp\/v2\/types\/post"}],"author":[{"embeddable":true,"href":"https:\/\/diarioregionaldigital.com.br\/index.php?rest_route=\/wp\/v2\/users\/246"}],"replies":[{"embeddable":true,"href":"https:\/\/diarioregionaldigital.com.br\/index.php?rest_route=%2Fwp%2Fv2%2Fcomments&post=217127"}],"version-history":[{"count":1,"href":"https:\/\/diarioregionaldigital.com.br\/index.php?rest_route=\/wp\/v2\/posts\/217127\/revisions"}],"predecessor-version":[{"id":217129,"href":"https:\/\/diarioregionaldigital.com.br\/index.php?rest_route=\/wp\/v2\/posts\/217127\/revisions\/217129"}],"wp:featuredmedia":[{"embeddable":true,"href":"https:\/\/diarioregionaldigital.com.br\/index.php?rest_route=\/wp\/v2\/media\/217128"}],"wp:attachment":[{"href":"https:\/\/diarioregionaldigital.com.br\/index.php?rest_route=%2Fwp%2Fv2%2Fmedia&parent=217127"}],"wp:term":[{"taxonomy":"category","embeddable":true,"href":"https:\/\/diarioregionaldigital.com.br\/index.php?rest_route=%2Fwp%2Fv2%2Fcategories&post=217127"},{"taxonomy":"post_tag","embeddable":true,"href":"https:\/\/diarioregionaldigital.com.br\/index.php?rest_route=%2Fwp%2Fv2%2Ftags&post=217127"}],"curies":[{"name":"wp","href":"https:\/\/api.w.org\/{rel}","templated":true}]}}