{"id":217123,"date":"2023-08-10T19:32:48","date_gmt":"2023-08-10T22:32:48","guid":{"rendered":"https:\/\/diarioregionaldigital.com.br\/?p=217123"},"modified":"2023-08-10T19:32:48","modified_gmt":"2023-08-10T22:32:48","slug":"marina-dias-leva-ouro-inedito-para-o-brasil-no-mundial-de-paraescalada","status":"publish","type":"post","link":"https:\/\/diarioregionaldigital.com.br\/?p=217123","title":{"rendered":"Marina Dias leva ouro in\u00e9dito para o Brasil no Mundial de Paraescalada"},"content":{"rendered":"<p>A paulista Marina Dias fez hist\u00f3ria nesta quinta-feira (10) ao faturar uma in\u00e9dita medalha de ouro para o pa\u00eds no Mundial de Paraescalada, em Berna (Su\u00ed\u00e7a). Em sua primeira participa\u00e7\u00e3o em mundiais, a brasileira venceu a disputa na categoria RP3 (atletas com limita\u00e7\u00f5es leves no alcance e na for\u00e7a), deixando para tr\u00e1s a brit\u00e2nica Christhiane Luttkhueizen e a holandesa Martha Evans, prata e bronze respectivamente. Somente nesta temporada, Marina Dias j\u00e1 subira ao p\u00f3dio\u00a0outras tr\u00eas vezes\u00a0em etapas da Copa do Mundo.\u00a0Faturou ouro em Salt Lake City (EUA) e Innsbruck (\u00c1ustria), e foi bronze\u00a0em Villars (Su\u00ed\u00e7a).<img decoding=\"async\" src=\"https:\/\/agenciabrasil.ebc.com.br\/ebc.png?id=1548404&amp;o=node\" \/><img decoding=\"async\" src=\"https:\/\/agenciabrasil.ebc.com.br\/ebc.gif?id=1548404&amp;o=node\" \/><\/p>\n<p>Marina Dias foi diagnosticada com esclerose m\u00faltipla, uma doen\u00e7a degenerativa autoimune. Ela costumava correr, mas em 2009\u00a0\u00a0teve o lado esquerdo do corpo afetado pela doen\u00e7a. Na busca por outras atividades f\u00edsicas, Marina acabou se apaixonando por escalada.<\/p>\n<p>Ap\u00f3s um jejum de tr\u00eas anos, o Brasil voltou a enviar representantes ao Mundial de Paraescalada. Al\u00e9m de Marina Dias, a delega\u00e7\u00e3o nacional conta ainda como os estreantes Luciano Fraz\u00e3o, na categoria AL 2 (atletas com um dos membros inferiores amputados ou com severo comprometimento motor), e Leonardo Vilha, na AU3 (\u00a0comprometimento em pelo menos uma das m\u00e3os, ou com v\u00e1rios dedos ausentes ou com fun\u00e7\u00e3o motora reduzida).<\/p>\n<p>Embora a escalada j\u00e1 tenha integrado o programa ol\u00edmpico nos Jogos de T\u00f3quio (Jap\u00e3o) e segue mantida nos\u00a0Jogos de Paris 2024, a paraescalada ainda n\u00e3o est\u00e1\u00a0inclu\u00edda no rol de esportes paral\u00edmpicos. No in\u00edcio de 2023, o\u00a0Comit\u00ea Paral\u00edmpico Internacional (IPC, na sigla em ingl\u00eas) confirmou 22 modalidades na Paralimp\u00edada de\u00a0Paris 2024, e deixou aberta a possibilidade da paraescalada e do parasurfe serem inclu\u00eddos, pela primeira vez, a\u00a0partir de Los Angeles 2028, caso os dois esportes sejam indicados pelo Comit\u00ea Organizador. A decis\u00e3o final do IPC sair\u00e1 at\u00e9 o final deste ano.<\/p>\n<p><span style=\"font-weight: 400;\"><br \/>\n<\/span><span style=\"font-weight: 400;\">Fonte: Ag\u00eancia Brasil <\/span><\/p>\n","protected":false},"excerpt":{"rendered":"<p>A paulista Marina Dias fez hist\u00f3ria nesta quinta-feira (10) ao faturar uma in\u00e9dita medalha de ouro para o pa\u00eds no Mundial de Paraescalada, em Berna (Su\u00ed\u00e7a). Em sua primeira participa\u00e7\u00e3o em mundiais, a brasileira venceu a disputa na categoria RP3 (atletas com limita\u00e7\u00f5es leves no alcance e na for\u00e7a), deixando para tr\u00e1s a brit\u00e2nica Christhiane [&hellip;]<\/p>\n","protected":false},"author":246,"featured_media":217124,"comment_status":"closed","ping_status":"closed","sticky":false,"template":"","format":"standard","meta":{"footnotes":""},"categories":[436,440,257,439],"tags":[],"class_list":["post-217123","post","type-post","status-publish","format-standard","has-post-thumbnail","hentry","category-destaque-da-semana","category-destaques-do-dia","category-esporte","category-ultima-hora"],"_links":{"self":[{"href":"https:\/\/diarioregionaldigital.com.br\/index.php?rest_route=\/wp\/v2\/posts\/217123","targetHints":{"allow":["GET"]}}],"collection":[{"href":"https:\/\/diarioregionaldigital.com.br\/index.php?rest_route=\/wp\/v2\/posts"}],"about":[{"href":"https:\/\/diarioregionaldigital.com.br\/index.php?rest_route=\/wp\/v2\/types\/post"}],"author":[{"embeddable":true,"href":"https:\/\/diarioregionaldigital.com.br\/index.php?rest_route=\/wp\/v2\/users\/246"}],"replies":[{"embeddable":true,"href":"https:\/\/diarioregionaldigital.com.br\/index.php?rest_route=%2Fwp%2Fv2%2Fcomments&post=217123"}],"version-history":[{"count":2,"href":"https:\/\/diarioregionaldigital.com.br\/index.php?rest_route=\/wp\/v2\/posts\/217123\/revisions"}],"predecessor-version":[{"id":217126,"href":"https:\/\/diarioregionaldigital.com.br\/index.php?rest_route=\/wp\/v2\/posts\/217123\/revisions\/217126"}],"wp:featuredmedia":[{"embeddable":true,"href":"https:\/\/diarioregionaldigital.com.br\/index.php?rest_route=\/wp\/v2\/media\/217124"}],"wp:attachment":[{"href":"https:\/\/diarioregionaldigital.com.br\/index.php?rest_route=%2Fwp%2Fv2%2Fmedia&parent=217123"}],"wp:term":[{"taxonomy":"category","embeddable":true,"href":"https:\/\/diarioregionaldigital.com.br\/index.php?rest_route=%2Fwp%2Fv2%2Fcategories&post=217123"},{"taxonomy":"post_tag","embeddable":true,"href":"https:\/\/diarioregionaldigital.com.br\/index.php?rest_route=%2Fwp%2Fv2%2Ftags&post=217123"}],"curies":[{"name":"wp","href":"https:\/\/api.w.org\/{rel}","templated":true}]}}