{"id":217120,"date":"2023-08-10T19:22:48","date_gmt":"2023-08-10T22:22:48","guid":{"rendered":"https:\/\/diarioregionaldigital.com.br\/?p=217120"},"modified":"2023-08-10T19:22:48","modified_gmt":"2023-08-10T22:22:48","slug":"relator-muda-de-opiniao-e-processo-contra-nikolas-ferreira-e-arquivado","status":"publish","type":"post","link":"https:\/\/diarioregionaldigital.com.br\/?p=217120","title":{"rendered":"Relator muda de opini\u00e3o e processo contra Nikolas Ferreira \u00e9 arquivado"},"content":{"rendered":"<div class=\"post-item-wrap\">\n<p>O relator do processo de cassa\u00e7\u00e3o do deputado federal Nikolas Ferreira (PL-MG) no Conselho de \u00c9tica, deputado Alexandre Leite (Uni\u00e3o-SP), mudou seu voto e decidiu pelo arquivamento do processo. O parecer foi aprovado com o placar de 12 votos favor\u00e1veis e cinco contr\u00e1rios. O parlamentar mineiro teve processo aberto no conselho ao ser acusado de cometer crime de transfobia\u00a0<a href=\"https:\/\/agenciabrasil.ebc.com.br\/politica\/noticia\/2023-03\/partidos-pedem-cassacao-de-nikolas-ferreira-por-quebra-de-decoro\" target=\"_blank\" rel=\"noopener\">durante discurso no Dia Internacional da Mulher<\/a>.<img decoding=\"async\" src=\"https:\/\/agenciabrasil.ebc.com.br\/ebc.png?id=1548197&amp;o=node\" \/><img decoding=\"async\" src=\"https:\/\/agenciabrasil.ebc.com.br\/ebc.gif?id=1548197&amp;o=node\" \/><\/p>\n<p>Na leitura do relat\u00f3rio, Alexandre Leite havia votado pelo prosseguimento da representa\u00e7\u00e3o contra o deputado mineiro por falta de decoro parlamentar. Ele alegou que em discurso na tribuna da C\u00e2mara, Nikolas Ferreira contribuiu para marginaliza\u00e7\u00e3o e discrimina\u00e7\u00e3o de mulheres trans e travestis e impactou de forma negativa a imagem do Parlamento diante da sociedade. Segundo Leite, a situa\u00e7\u00e3o foi agravada por ter ocorrido no Dia Internacional da Mulher.<\/p>\n<p>Por\u00e9m, ap\u00f3s a manifesta\u00e7\u00e3o de deputados contra e a favor da cassa\u00e7\u00e3o, Leite voltou a se manifestar. Desta vez, pelo arquivamento do processo e recomendou a\u00a0aplica\u00e7\u00e3o de censura escrita ao deputado pela Mesa Diretora da C\u00e2mara.<\/p>\n<p>\u201cO que aconteceu naquele dia, embora tenha boas inten\u00e7\u00f5es, foi grave, diante do cen\u00e1rio de viol\u00eancia que vivemos, da falta de legisla\u00e7\u00e3o espec\u00edfica e n\u00f3s estarmos sendo legislados pelo Supremo. Levando tudo isso em considera\u00e7\u00e3o, acredito eu que n\u00e3o seja oportuno levar isso adiante no Conselho de \u00c9tica\u201d, disse.<\/p>\n<p>O pedido de cassa\u00e7\u00e3o foi apresentado pelo PSOL, PDT, PSB, PT e PCdoB. No dia 8 de mar\u00e7o, ao falar na tribuna da C\u00e2mara, Nikolas Ferreira\u00a0vestiu uma peruca amarela e disse que \u201cse sentia uma mulher\u201d no Dia Internacional da Mulher e afirmou que \u201cas mulheres est\u00e3o perdendo seu espa\u00e7o para homens que se sentem mulheres\u201d.<\/p>\n<h2>Defesa<\/h2>\n<p>Antes da leitura do relat\u00f3rio, Nikolas Ferreira apresentou a defesa e negou ter cometido um crime, ao citar que a Procuradoria-Geral da Rep\u00fablica (PGR)\u00a0<a href=\"https:\/\/agenciabrasil.ebc.com.br\/justica\/noticia\/2023-05\/pgr-diz-que-imunidade-parlamentar-protege-declaracoes-de-nikolas\" target=\"_blank\" rel=\"noopener\">manifestou-se contra abertura de inqu\u00e9rito<\/a>\u00a0por entender que as declara\u00e7\u00f5es est\u00e3o cobertas pela imunidade parlamentar.<\/p>\n<p>\u201cAcredito que, n\u00e3o somente eu, qualquer pessoa\u00a0tem liberdade de expor suas opini\u00f5es e pensamento\u201d, disse. \u201cN\u00e3o podemos usar o Conselho de \u00c9tica para poder fazer persegui\u00e7\u00e3o pol\u00edtica\u201d, acrescentou.<\/p>\n<p>Ferreira argumentou ainda que dois fatos citados na representa\u00e7\u00e3o ocorreram antes de ter sido eleito deputado federal e n\u00e3o poderiam ser avaliados pelo conselho. Os partidos autores da den\u00fancia mencionaram v\u00eddeo publicado por Nikolas Ferreira criticando uso de banheiro feminino por trans e n\u00e3o reconhecimento do g\u00eanero da deputada trans Duda Salabert (PDT-MG).<\/p>\n<p>Mais cedo, o relator do processo contra a deputada federal Carla Zambelli (PL-SP) no Conselho de \u00c9tica da C\u00e2mara dos Deputados\u00a0<a href=\"https:\/\/agenciabrasil.ebc.com.br\/politica\/noticia\/2023-08\/relator-muda-voto-e-conselho-de-etica-arquiva-processo-contra-zambelli-0\" target=\"_blank\" rel=\"noopener\">tamb\u00e9m havia mudado o pr\u00f3prio voto<\/a>. O deputado federal Jo\u00e3o Le\u00e3o (PP-BA), na semana passada, votou pela continuidade do processo contra Zambelli. Nesta quarta-feira (9), Le\u00e3o voltou atr\u00e1s e votou a favor do arquivamento do caso.<\/p>\n<\/div>\n<p class=\"alt-font font-italic my-2 small text-info\"><span style=\"font-weight: 400;\">Fonte: Ag\u00eancia Brasil <\/span><\/p>\n","protected":false},"excerpt":{"rendered":"<p>O relator do processo de cassa\u00e7\u00e3o do deputado federal Nikolas Ferreira (PL-MG) no Conselho de \u00c9tica, deputado Alexandre Leite (Uni\u00e3o-SP), mudou seu voto e decidiu pelo arquivamento do processo. O parecer foi aprovado com o placar de 12 votos favor\u00e1veis e cinco contr\u00e1rios. O parlamentar mineiro teve processo aberto no conselho ao ser acusado de [&hellip;]<\/p>\n","protected":false},"author":246,"featured_media":217121,"comment_status":"closed","ping_status":"closed","sticky":false,"template":"","format":"standard","meta":{"footnotes":""},"categories":[436,254,439],"tags":[],"class_list":["post-217120","post","type-post","status-publish","format-standard","has-post-thumbnail","hentry","category-destaque-da-semana","category-politica","category-ultima-hora"],"_links":{"self":[{"href":"https:\/\/diarioregionaldigital.com.br\/index.php?rest_route=\/wp\/v2\/posts\/217120","targetHints":{"allow":["GET"]}}],"collection":[{"href":"https:\/\/diarioregionaldigital.com.br\/index.php?rest_route=\/wp\/v2\/posts"}],"about":[{"href":"https:\/\/diarioregionaldigital.com.br\/index.php?rest_route=\/wp\/v2\/types\/post"}],"author":[{"embeddable":true,"href":"https:\/\/diarioregionaldigital.com.br\/index.php?rest_route=\/wp\/v2\/users\/246"}],"replies":[{"embeddable":true,"href":"https:\/\/diarioregionaldigital.com.br\/index.php?rest_route=%2Fwp%2Fv2%2Fcomments&post=217120"}],"version-history":[{"count":1,"href":"https:\/\/diarioregionaldigital.com.br\/index.php?rest_route=\/wp\/v2\/posts\/217120\/revisions"}],"predecessor-version":[{"id":217122,"href":"https:\/\/diarioregionaldigital.com.br\/index.php?rest_route=\/wp\/v2\/posts\/217120\/revisions\/217122"}],"wp:featuredmedia":[{"embeddable":true,"href":"https:\/\/diarioregionaldigital.com.br\/index.php?rest_route=\/wp\/v2\/media\/217121"}],"wp:attachment":[{"href":"https:\/\/diarioregionaldigital.com.br\/index.php?rest_route=%2Fwp%2Fv2%2Fmedia&parent=217120"}],"wp:term":[{"taxonomy":"category","embeddable":true,"href":"https:\/\/diarioregionaldigital.com.br\/index.php?rest_route=%2Fwp%2Fv2%2Fcategories&post=217120"},{"taxonomy":"post_tag","embeddable":true,"href":"https:\/\/diarioregionaldigital.com.br\/index.php?rest_route=%2Fwp%2Fv2%2Ftags&post=217120"}],"curies":[{"name":"wp","href":"https:\/\/api.w.org\/{rel}","templated":true}]}}