{"id":217108,"date":"2023-08-10T19:05:00","date_gmt":"2023-08-10T22:05:00","guid":{"rendered":"https:\/\/diarioregionaldigital.com.br\/?p=217108"},"modified":"2023-08-10T19:05:00","modified_gmt":"2023-08-10T22:05:00","slug":"carlos-favaro-defende-regulamentacao-de-biodiesel-b20","status":"publish","type":"post","link":"https:\/\/diarioregionaldigital.com.br\/?p=217108","title":{"rendered":"Carlos F\u00e1varo defende regulamenta\u00e7\u00e3o de biodiesel B20"},"content":{"rendered":"<p>Autoridades do governo, parlamentares, pesquisadores, representantes da ind\u00fastria de biodiesel participaram, em Bras\u00edlia, nesta quinta-feira (10), da abertura da quarta edi\u00e7\u00e3o do Biodiesel Week. O evento \u00e9 organizado pela Uni\u00e3o Brasileira do Biodiesel e Bioquerosene (Ubrabio) e conta com apoio do Minist\u00e9rio da Agricultura e Pecu\u00e1ria (Mapa), da Frente Parlamentar Mista do Biodiesel (FPBio), da Empresa Brasileira de Pesquisa Agropecu\u00e1ria (Embrapa) Agroenergia; e do F\u00f3rum ProBrasil.<img decoding=\"async\" src=\"https:\/\/agenciabrasil.ebc.com.br\/ebc.png?id=1548382&amp;o=node\" \/><img decoding=\"async\" src=\"https:\/\/agenciabrasil.ebc.com.br\/ebc.gif?id=1548382&amp;o=node\" \/><\/p>\n<p>Na abertura do Biodiesel Week, o ministro da Agricultura e Pecu\u00e1ria, Carlos F\u00e1varo, lembrou que o Conselho Nacional de Pol\u00edtica Energ\u00e9tica (CNPE) aprovou, em mar\u00e7o deste ano,<a href=\"https:\/\/agenciabrasil.ebc.com.br\/economia\/noticia\/2023-03\/mistura-de-biodiesel-ao-diesel-passa-ser-de-12-partir-de-abril\" target=\"_blank\" rel=\"noopener\">\u00a0o aumento para 12%<\/a>\u00a0da mistura de biodiesel ao diesel vendido no Brasil, a partir de abril.<\/p>\n<p>O ministro defendeu\u00a0a regulamenta\u00e7\u00e3o do uso da mistura de 20% de biodiesel (B20) no abastecimento de ve\u00edculos movidos a diesel, o que reduziria a emiss\u00e3o de di\u00f3xido de carbono (CO2), em compara\u00e7\u00e3o ao uso de diesel f\u00f3ssil puro. \u201cN\u00e3o \u00e9 poss\u00edvel discutir mais a despolui\u00e7\u00e3o do mundo e captura de carbono e, por outro lado, consumir produto f\u00f3ssil, combust\u00edvel f\u00f3ssil. \u00c9 inconceb\u00edvel ter que consumir diesel S 500, que \u00e9 altamente poluidor, altamente carregado em enxofre, no momento em que o mundo fala em descarboniza\u00e7\u00e3o, em limpeza do planeta.\u201d<\/p>\n<p>Carlos F\u00e1varo destacou que o governo do presidente Luiz In\u00e1cio Lula da Silva valoriza os biocombust\u00edveis e, por isso, o ministro entende que o Programa Nacional de Biocombust\u00edvel voltou a dar seguran\u00e7a jur\u00eddica ao setor. \u201cCom a retomada deste programa, com previsibilidade, pode-se olhar para frente. Ningu\u00e9m investe bilh\u00f5es de reais, como foi investido, para ver vulnerabilidades. Retroceder naquilo que j\u00e1 tinham conseguido era um absurdo gigante.\u201d<\/p>\n<blockquote><p>&#8220;[O biocombust\u00edvel] \u00e9 mat\u00e9ria limpa nossa, que gera emprego e oportunidades na agricultura familiar, que garante estabilidade no mercado de soja e, consequentemente, no mercado das carnes. A gente precisa dar destino\u00a0ao \u00f3leo. E precisamos diminuir as imprevisibilidades, as incertezas, nas cabe\u00e7as dos produtores e empres\u00e1rios que investiram e n\u00e3o sabiam o que fazer se o programa [Nacional de Biocombust\u00edvel] acabasse\u201d, destacou F\u00e1varo, ao falar sobre as vantagens do combust\u00edvel renov\u00e1vel.<\/p><\/blockquote>\n<p>A 4\u00aa Biodiesel Week ocorrer\u00e1 at\u00e9 esta sexta-feira (11), em Bras\u00edlia. Entre os temas que est\u00e3o sendo discutidos est\u00e3o\u00a0longevidade do uso do biodiesel, inova\u00e7\u00e3o, contribui\u00e7\u00e3o do biocombust\u00edvel para a produ\u00e7\u00e3o de alimentos e desenvolvimento da agricultura familiar, bem como ado\u00e7\u00e3o de novas tecnologias.<\/p>\n<p>O presidente da Ubrabio, Juan Diego Ferr\u00e9s, exp\u00f4s as reivindica\u00e7\u00f5es dos empres\u00e1rios do setor e cobrou que o biodiesel seja inclu\u00eddo no projeto de lei sobre o Combust\u00edvel do Futuro, que ter\u00e1 o objetivo de incentivar a pesquisa e estimular a produ\u00e7\u00e3o de energia limpa, para integrar pol\u00edticas de descarboniza\u00e7\u00e3o no pa\u00eds.<\/p>\n<p>A lideran\u00e7a da Ubrabio apontou o biodiesel como bom substituto do \u00f3leo diesel e que servir\u00e1 para contribuir para sustentabilidade social, ambiental e econ\u00f4mica, com a previs\u00e3o de redu\u00e7\u00e3o de custos.<\/p>\n<p>Juan Diego Ferr\u00e9s citou a expectativa de aumentar o teor de biocombust\u00edvel no diesel para 15% (mistura B15), em 2025 e foi al\u00e9m. \u201c\u00c9 um momento \u00edmpar para discutir o aumento para 20%. N\u00e3o h\u00e1 necessidade de novos testes. O biodiesel \u00e9 um extraordin\u00e1rio substituto ao \u00f3leo diesel por sua \u2018renovabilidade\u2019, sequestro de carbono, gera\u00e7\u00e3o de empregos e atra\u00e7\u00e3o de investimentos ao pa\u00eds.\u201d<\/p>\n<p>O secret\u00e1rio de Desenvolvimento Industrial, Com\u00e9rcio, Servi\u00e7os e Inova\u00e7\u00e3o do Minist\u00e9rio do Desenvolvimento, Ind\u00fastria, Com\u00e9rcio e Servi\u00e7os (MDIC), Uallace Moreira Lima, representando o ministro Geraldo Alckmin, disse que a pasta \u00e9 favor\u00e1vel ao biodiesel como estrat\u00e9gia de inova\u00e7\u00e3o e sustentabilidade para a popula\u00e7\u00e3o e a ind\u00fastria brasileira. \u201cO papel do biodiesel \u00e9 extremamente central e estrat\u00e9gico no programa e no projeto de governo do presidente Lula.\u201d<\/p>\n<blockquote><p>\u201cA transi\u00e7\u00e3o energ\u00e9tica e a sustentabilidade s\u00e3o a maior janela de oportunidades para o Brasil liderar um processo de desenvolvimento econ\u00f4mico, superar a armadilha da renda m\u00e9dia\u00a0e fazer com que o povo brasileiro se beneficie das riquezas naturais que este pa\u00eds tem, com mais inova\u00e7\u00e3o, com mais sustentabilidade e com um futuro garantido\u201d, ressaltou Moreira Lima.<\/p><\/blockquote>\n<p>O secret\u00e1rio adiantou que o MDIC est\u00e1 em contato com representantes do Minist\u00e9rio de Minas e Energia (MME) para debater a incorpora\u00e7\u00e3o do biodiesel no PL do Combust\u00edvel do Futuro. \u201cEsse di\u00e1logo est\u00e1 sendo feito. O PL do Combust\u00edvel do Futuro \u00e9 um grande projeto que est\u00e1 dentro do pacote de transi\u00e7\u00e3o ecol\u00f3gica que o governo est\u00e1 anunciando.\u201d<\/p>\n<p><span style=\"font-weight: 400;\">Fonte: Ag\u00eancia Brasil <\/span><\/p>\n","protected":false},"excerpt":{"rendered":"<p>Autoridades do governo, parlamentares, pesquisadores, representantes da ind\u00fastria de biodiesel participaram, em Bras\u00edlia, nesta quinta-feira (10), da abertura da quarta edi\u00e7\u00e3o do Biodiesel Week. O evento \u00e9 organizado pela Uni\u00e3o Brasileira do Biodiesel e Bioquerosene (Ubrabio) e conta com apoio do Minist\u00e9rio da Agricultura e Pecu\u00e1ria (Mapa), da Frente Parlamentar Mista do Biodiesel (FPBio), da [&hellip;]<\/p>\n","protected":false},"author":246,"featured_media":217109,"comment_status":"closed","ping_status":"closed","sticky":false,"template":"","format":"standard","meta":{"footnotes":""},"categories":[436,261,439],"tags":[],"class_list":["post-217108","post","type-post","status-publish","format-standard","has-post-thumbnail","hentry","category-destaque-da-semana","category-economia","category-ultima-hora"],"_links":{"self":[{"href":"https:\/\/diarioregionaldigital.com.br\/index.php?rest_route=\/wp\/v2\/posts\/217108","targetHints":{"allow":["GET"]}}],"collection":[{"href":"https:\/\/diarioregionaldigital.com.br\/index.php?rest_route=\/wp\/v2\/posts"}],"about":[{"href":"https:\/\/diarioregionaldigital.com.br\/index.php?rest_route=\/wp\/v2\/types\/post"}],"author":[{"embeddable":true,"href":"https:\/\/diarioregionaldigital.com.br\/index.php?rest_route=\/wp\/v2\/users\/246"}],"replies":[{"embeddable":true,"href":"https:\/\/diarioregionaldigital.com.br\/index.php?rest_route=%2Fwp%2Fv2%2Fcomments&post=217108"}],"version-history":[{"count":1,"href":"https:\/\/diarioregionaldigital.com.br\/index.php?rest_route=\/wp\/v2\/posts\/217108\/revisions"}],"predecessor-version":[{"id":217110,"href":"https:\/\/diarioregionaldigital.com.br\/index.php?rest_route=\/wp\/v2\/posts\/217108\/revisions\/217110"}],"wp:featuredmedia":[{"embeddable":true,"href":"https:\/\/diarioregionaldigital.com.br\/index.php?rest_route=\/wp\/v2\/media\/217109"}],"wp:attachment":[{"href":"https:\/\/diarioregionaldigital.com.br\/index.php?rest_route=%2Fwp%2Fv2%2Fmedia&parent=217108"}],"wp:term":[{"taxonomy":"category","embeddable":true,"href":"https:\/\/diarioregionaldigital.com.br\/index.php?rest_route=%2Fwp%2Fv2%2Fcategories&post=217108"},{"taxonomy":"post_tag","embeddable":true,"href":"https:\/\/diarioregionaldigital.com.br\/index.php?rest_route=%2Fwp%2Fv2%2Ftags&post=217108"}],"curies":[{"name":"wp","href":"https:\/\/api.w.org\/{rel}","templated":true}]}}