{"id":217102,"date":"2023-08-10T19:00:10","date_gmt":"2023-08-10T22:00:10","guid":{"rendered":"https:\/\/diarioregionaldigital.com.br\/?p=217102"},"modified":"2023-08-10T19:00:10","modified_gmt":"2023-08-10T22:00:10","slug":"apos-queda-da-selic-confianca-da-industria-cresce-diz-cni","status":"publish","type":"post","link":"https:\/\/diarioregionaldigital.com.br\/?p=217102","title":{"rendered":"Ap\u00f3s queda da Selic, confian\u00e7a da ind\u00fastria cresce, diz CNI"},"content":{"rendered":"<p>O \u00cdndice de Confian\u00e7a do Empres\u00e1rio Industrial avan\u00e7ou 2,1 pontos, passando de 51,1 pontos para 53,2 pontos. O aumento, de acordo com a Confedera\u00e7\u00e3o Nacional da Ind\u00fastria (CNI), mostra que o indicador come\u00e7a a se afastar da linha divis\u00f3ria dos 50 pontos que separa confian\u00e7a de falta de confian\u00e7a.\u00a0<img decoding=\"async\" src=\"https:\/\/agenciabrasil.ebc.com.br\/ebc.png?id=1548247&amp;o=node\" \/><img decoding=\"async\" src=\"https:\/\/agenciabrasil.ebc.com.br\/ebc.gif?id=1548247&amp;o=node\" \/><\/p>\n<p>\u201cPela primeira vez desde outubro de 2022, as expectativas em rela\u00e7\u00e3o \u00e0 economia brasileira cruzaram a linha que separa o pessimismo do otimismo para os pr\u00f3ximos seis meses\u201d, avaliou a entidade, em nota.<\/p>\n<p>O levantamento ouviu 1.373 empres\u00e1rios, incluindo 555 de empresas de pequeno porte, 508 de m\u00e9dio porte e 310 de grande porte, entre 1\u00ba e 7 de agosto de 2023. A consulta aos empres\u00e1rios, portanto, foi feita ap\u00f3s a decis\u00e3o do Comit\u00ea de Pol\u00edtica Monet\u00e1ria (Copom) de reduzir em 0,5% a taxa b\u00e1sica de juros, a Selic, que agora est\u00e1 em 13,25%.<\/p>\n<p>\u201cO empres\u00e1rio est\u00e1 mais confiante para os pr\u00f3ximos seis meses, influenciado pela queda na taxa de juros\u201d, destacou o comunicado da CNI. \u201cOs industriais ainda n\u00e3o se mostram satisfeitos com as condi\u00e7\u00f5es atuais da economia, mas j\u00e1 houve melhora na percep\u00e7\u00e3o\u201d, completou a confedera\u00e7\u00e3o.<\/p>\n<p><span style=\"font-weight: 400;\"><br \/>\n<\/span><span style=\"font-weight: 400;\">Fonte: Ag\u00eancia Brasil <\/span><\/p>\n","protected":false},"excerpt":{"rendered":"<p>O \u00cdndice de Confian\u00e7a do Empres\u00e1rio Industrial avan\u00e7ou 2,1 pontos, passando de 51,1 pontos para 53,2 pontos. O aumento, de acordo com a Confedera\u00e7\u00e3o Nacional da Ind\u00fastria (CNI), mostra que o indicador come\u00e7a a se afastar da linha divis\u00f3ria dos 50 pontos que separa confian\u00e7a de falta de confian\u00e7a.\u00a0 \u201cPela primeira vez desde outubro de [&hellip;]<\/p>\n","protected":false},"author":246,"featured_media":217103,"comment_status":"closed","ping_status":"closed","sticky":false,"template":"","format":"standard","meta":{"footnotes":""},"categories":[436,261,439],"tags":[],"class_list":["post-217102","post","type-post","status-publish","format-standard","has-post-thumbnail","hentry","category-destaque-da-semana","category-economia","category-ultima-hora"],"_links":{"self":[{"href":"https:\/\/diarioregionaldigital.com.br\/index.php?rest_route=\/wp\/v2\/posts\/217102","targetHints":{"allow":["GET"]}}],"collection":[{"href":"https:\/\/diarioregionaldigital.com.br\/index.php?rest_route=\/wp\/v2\/posts"}],"about":[{"href":"https:\/\/diarioregionaldigital.com.br\/index.php?rest_route=\/wp\/v2\/types\/post"}],"author":[{"embeddable":true,"href":"https:\/\/diarioregionaldigital.com.br\/index.php?rest_route=\/wp\/v2\/users\/246"}],"replies":[{"embeddable":true,"href":"https:\/\/diarioregionaldigital.com.br\/index.php?rest_route=%2Fwp%2Fv2%2Fcomments&post=217102"}],"version-history":[{"count":1,"href":"https:\/\/diarioregionaldigital.com.br\/index.php?rest_route=\/wp\/v2\/posts\/217102\/revisions"}],"predecessor-version":[{"id":217104,"href":"https:\/\/diarioregionaldigital.com.br\/index.php?rest_route=\/wp\/v2\/posts\/217102\/revisions\/217104"}],"wp:featuredmedia":[{"embeddable":true,"href":"https:\/\/diarioregionaldigital.com.br\/index.php?rest_route=\/wp\/v2\/media\/217103"}],"wp:attachment":[{"href":"https:\/\/diarioregionaldigital.com.br\/index.php?rest_route=%2Fwp%2Fv2%2Fmedia&parent=217102"}],"wp:term":[{"taxonomy":"category","embeddable":true,"href":"https:\/\/diarioregionaldigital.com.br\/index.php?rest_route=%2Fwp%2Fv2%2Fcategories&post=217102"},{"taxonomy":"post_tag","embeddable":true,"href":"https:\/\/diarioregionaldigital.com.br\/index.php?rest_route=%2Fwp%2Fv2%2Ftags&post=217102"}],"curies":[{"name":"wp","href":"https:\/\/api.w.org\/{rel}","templated":true}]}}