{"id":217079,"date":"2023-08-09T18:37:05","date_gmt":"2023-08-09T21:37:05","guid":{"rendered":"https:\/\/diarioregionaldigital.com.br\/?p=217079"},"modified":"2023-08-09T18:37:05","modified_gmt":"2023-08-09T21:37:05","slug":"pjf-lanca-portaria-sobre-requisitos-sanitarios-de-projetos-em-estabelecimentos-de-saude-e-de-interesse-a-saude","status":"publish","type":"post","link":"https:\/\/diarioregionaldigital.com.br\/?p=217079","title":{"rendered":"PJF lan\u00e7a portaria sobre requisitos sanit\u00e1rios de projetos em estabelecimentos de sa\u00fade e de interesse \u00e0 sa\u00fade"},"content":{"rendered":"<p>Segundo informa\u00e7\u00f5es do site da Prefeitura de Juiz de Fora (PJF), a Prefeitura de Juiz de Fora (PJF) publicou nesta ter\u00e7a-feira, 8, portaria que disp\u00f5e sobre os requisitos sanit\u00e1rios b\u00e1sicos observados em projetos de constru\u00e7\u00e3o, adequa\u00e7\u00e3o e amplia\u00e7\u00e3o de \u00e1rea f\u00edsica de estabelecimentos de sa\u00fade e de interesse \u00e0 sa\u00fade.<\/p>\n<p>A portaria n\u00ba 246,\u00a0<a href=\"https:\/\/www.pjf.mg.gov.br\/e_atos\/e_atos_vis.php?id=109037\"><strong>publicada no Atos do Governo<\/strong><\/a>\u00a0por meio da Secretaria de Sa\u00fade (SS), tem por objetivo contribuir para a organiza\u00e7\u00e3o e celeridade do primeiro passo para licenciamento sanit\u00e1rio dos estabelecimentos de sa\u00fade ou de interesse da sa\u00fade de classifica\u00e7\u00e3o de Risco III que, por exig\u00eancia das normas sanit\u00e1rias vigentes, necessitam da aprova\u00e7\u00e3o do projeto arquitet\u00f4nico pelo setor de Infraestrutura F\u00edsica do Departamento de Vigil\u00e2ncia Sanit\u00e1ria de Juiz de Fora (DVISA).<\/p>\n<p>A iniciativa visa atender uma demanda dos profissionais em compreender o funcionamento do processo de submiss\u00e3o e aprova\u00e7\u00e3o dos Projetos B\u00e1sicos de Arquitetura ao DVISA, bem como disponibilizar modelos de Memorial T\u00e9cnico Descritivo e de Representa\u00e7\u00e3o Gr\u00e1fica (Pranchas) para que os profissionais possam desenvolver o projeto de forma mais clara e objetiva.<\/p>\n<p>Todos os documentos podem ser conferidos no\u00a0<a href=\"https:\/\/www.pjf.mg.gov.br\/secretarias\/ss\/vigilancia_sanitaria\/projetos\/index.php\"><strong>site da PJF<\/strong><\/a>.<\/p>\n<p>&nbsp;<\/p>\n<div id=\"box_compartilhar\" align=\"right\"><\/div>\n","protected":false},"excerpt":{"rendered":"<p>Segundo informa\u00e7\u00f5es do site da Prefeitura de Juiz de Fora (PJF), a Prefeitura de Juiz de Fora (PJF) publicou nesta ter\u00e7a-feira, 8, portaria que disp\u00f5e sobre os requisitos sanit\u00e1rios b\u00e1sicos observados em projetos de constru\u00e7\u00e3o, adequa\u00e7\u00e3o e amplia\u00e7\u00e3o de \u00e1rea f\u00edsica de estabelecimentos de sa\u00fade e de interesse \u00e0 sa\u00fade. A portaria n\u00ba 246,\u00a0publicada no [&hellip;]<\/p>\n","protected":false},"author":246,"featured_media":217080,"comment_status":"closed","ping_status":"closed","sticky":false,"template":"","format":"standard","meta":{"footnotes":""},"categories":[253,436,439],"tags":[],"class_list":["post-217079","post","type-post","status-publish","format-standard","has-post-thumbnail","hentry","category-cidade","category-destaque-da-semana","category-ultima-hora"],"_links":{"self":[{"href":"https:\/\/diarioregionaldigital.com.br\/index.php?rest_route=\/wp\/v2\/posts\/217079","targetHints":{"allow":["GET"]}}],"collection":[{"href":"https:\/\/diarioregionaldigital.com.br\/index.php?rest_route=\/wp\/v2\/posts"}],"about":[{"href":"https:\/\/diarioregionaldigital.com.br\/index.php?rest_route=\/wp\/v2\/types\/post"}],"author":[{"embeddable":true,"href":"https:\/\/diarioregionaldigital.com.br\/index.php?rest_route=\/wp\/v2\/users\/246"}],"replies":[{"embeddable":true,"href":"https:\/\/diarioregionaldigital.com.br\/index.php?rest_route=%2Fwp%2Fv2%2Fcomments&post=217079"}],"version-history":[{"count":1,"href":"https:\/\/diarioregionaldigital.com.br\/index.php?rest_route=\/wp\/v2\/posts\/217079\/revisions"}],"predecessor-version":[{"id":217081,"href":"https:\/\/diarioregionaldigital.com.br\/index.php?rest_route=\/wp\/v2\/posts\/217079\/revisions\/217081"}],"wp:featuredmedia":[{"embeddable":true,"href":"https:\/\/diarioregionaldigital.com.br\/index.php?rest_route=\/wp\/v2\/media\/217080"}],"wp:attachment":[{"href":"https:\/\/diarioregionaldigital.com.br\/index.php?rest_route=%2Fwp%2Fv2%2Fmedia&parent=217079"}],"wp:term":[{"taxonomy":"category","embeddable":true,"href":"https:\/\/diarioregionaldigital.com.br\/index.php?rest_route=%2Fwp%2Fv2%2Fcategories&post=217079"},{"taxonomy":"post_tag","embeddable":true,"href":"https:\/\/diarioregionaldigital.com.br\/index.php?rest_route=%2Fwp%2Fv2%2Ftags&post=217079"}],"curies":[{"name":"wp","href":"https:\/\/api.w.org\/{rel}","templated":true}]}}