{"id":217070,"date":"2023-08-09T18:17:15","date_gmt":"2023-08-09T21:17:15","guid":{"rendered":"https:\/\/diarioregionaldigital.com.br\/?p=217070"},"modified":"2023-08-09T18:17:15","modified_gmt":"2023-08-09T21:17:15","slug":"de-volta-as-quadras-bia-haddad-vence-estreia-no-wta-1000-de-montreal","status":"publish","type":"post","link":"https:\/\/diarioregionaldigital.com.br\/?p=217070","title":{"rendered":"De volta \u00e0s quadras, Bia Haddad vence estreia no WTA 1000 de Montreal"},"content":{"rendered":"<p>Ap\u00f3s um m\u00eas fora das quadras devido a uma\u00a0<a href=\"https:\/\/agenciabrasil.ebc.com.br\/esportes\/noticia\/2023-07\/lesao-nas-costas-tira-bia-haddad-maia-do-torneio-de-wimbledon\">les\u00e3o lombar\u00a0<\/a>sofrida no Torneio de Wimbledon (Inglaterra), a tenista brasileira Beatriz Haddad voltou nesta ter\u00e7a-feira (8) ao circuito mundial, com vit\u00f3ria f\u00e1cil na estreia do WTA 1000 de Montreal (Canad\u00e1). Atual n\u00famero 12 do mundo, a paulistana avan\u00e7ou \u00e0 segunda rodada ao bater a polonesa Magdalena Frech (79\u00aa no ranking) por 2 sets a 0 (parciais fez 6\/4 e 6\/2).\u00a0A pr\u00f3xima advers\u00e1ria ser\u00e1 a canadense Leylah Fernandez (81\u00aa no ranking), nesta quarta (9), em hor\u00e1rio ainda indefinido. Quem ganhar, avan\u00e7a \u00e0s oitavas de final.<img decoding=\"async\" src=\"https:\/\/agenciabrasil.ebc.com.br\/ebc.png?id=1548017&amp;o=node\" \/><img decoding=\"async\" src=\"https:\/\/agenciabrasil.ebc.com.br\/ebc.gif?id=1548017&amp;o=node\" \/><\/p>\n<p>No ano passado, a paulistana foi vice-campe\u00e3 em Montreal ao ser superada na final pela romena Simona Halep. Nesta temporada, no entanto,\u00a0<a href=\"https:\/\/agenciabrasil.ebc.com.br\/esportes\/noticia\/2023-06\/bia-haddad-encara-numero-1-do-mundo-por-vaga-na-final-de-roland-garros\">Bia j\u00e1 esteve no top 10, ap\u00f3s campanha hist\u00f3rica em Roland Garros.<\/a>\u00a0No torneio, em junho, ela\u00a0quebrou um jejum de 55 anos ao se tornar a primeira brasileira a avan\u00e7ar \u00e0 semifinal de um Grand Slam desde Maria Esther Bueno, no US Open (1968). Na semi de Roland Garros Bia foi superada polonesa Iga Swiatek, n\u00famero 1 do mundo, que depois conquistaria seu terceiro t\u00edtulo na grama londrina.<\/p>\n<p><span style=\"font-weight: 400;\">Fonte: Ag\u00eancia Brasil <\/span><\/p>\n","protected":false},"excerpt":{"rendered":"<p>Ap\u00f3s um m\u00eas fora das quadras devido a uma\u00a0les\u00e3o lombar\u00a0sofrida no Torneio de Wimbledon (Inglaterra), a tenista brasileira Beatriz Haddad voltou nesta ter\u00e7a-feira (8) ao circuito mundial, com vit\u00f3ria f\u00e1cil na estreia do WTA 1000 de Montreal (Canad\u00e1). Atual n\u00famero 12 do mundo, a paulistana avan\u00e7ou \u00e0 segunda rodada ao bater a polonesa Magdalena Frech [&hellip;]<\/p>\n","protected":false},"author":246,"featured_media":217071,"comment_status":"closed","ping_status":"closed","sticky":false,"template":"","format":"standard","meta":{"footnotes":""},"categories":[436,257,439],"tags":[],"class_list":["post-217070","post","type-post","status-publish","format-standard","has-post-thumbnail","hentry","category-destaque-da-semana","category-esporte","category-ultima-hora"],"_links":{"self":[{"href":"https:\/\/diarioregionaldigital.com.br\/index.php?rest_route=\/wp\/v2\/posts\/217070","targetHints":{"allow":["GET"]}}],"collection":[{"href":"https:\/\/diarioregionaldigital.com.br\/index.php?rest_route=\/wp\/v2\/posts"}],"about":[{"href":"https:\/\/diarioregionaldigital.com.br\/index.php?rest_route=\/wp\/v2\/types\/post"}],"author":[{"embeddable":true,"href":"https:\/\/diarioregionaldigital.com.br\/index.php?rest_route=\/wp\/v2\/users\/246"}],"replies":[{"embeddable":true,"href":"https:\/\/diarioregionaldigital.com.br\/index.php?rest_route=%2Fwp%2Fv2%2Fcomments&post=217070"}],"version-history":[{"count":1,"href":"https:\/\/diarioregionaldigital.com.br\/index.php?rest_route=\/wp\/v2\/posts\/217070\/revisions"}],"predecessor-version":[{"id":217072,"href":"https:\/\/diarioregionaldigital.com.br\/index.php?rest_route=\/wp\/v2\/posts\/217070\/revisions\/217072"}],"wp:featuredmedia":[{"embeddable":true,"href":"https:\/\/diarioregionaldigital.com.br\/index.php?rest_route=\/wp\/v2\/media\/217071"}],"wp:attachment":[{"href":"https:\/\/diarioregionaldigital.com.br\/index.php?rest_route=%2Fwp%2Fv2%2Fmedia&parent=217070"}],"wp:term":[{"taxonomy":"category","embeddable":true,"href":"https:\/\/diarioregionaldigital.com.br\/index.php?rest_route=%2Fwp%2Fv2%2Fcategories&post=217070"},{"taxonomy":"post_tag","embeddable":true,"href":"https:\/\/diarioregionaldigital.com.br\/index.php?rest_route=%2Fwp%2Fv2%2Ftags&post=217070"}],"curies":[{"name":"wp","href":"https:\/\/api.w.org\/{rel}","templated":true}]}}