{"id":217064,"date":"2023-08-09T18:13:16","date_gmt":"2023-08-09T21:13:16","guid":{"rendered":"https:\/\/diarioregionaldigital.com.br\/?p=217064"},"modified":"2023-08-09T18:13:16","modified_gmt":"2023-08-09T21:13:16","slug":"tse-multa-bolsonaro-por-propaganda-irregular-nas-eleicoes-de-2022","status":"publish","type":"post","link":"https:\/\/diarioregionaldigital.com.br\/?p=217064","title":{"rendered":"TSE multa Bolsonaro por propaganda irregular nas elei\u00e7\u00f5es de 2022"},"content":{"rendered":"<p>O Tribunal Superior Eleitoral (TSE) decidiu, nesta ter\u00e7a-feira (8), multar o ex-presidente Jair Bolsonaro em R$ 20 mil por campanha eleitoral irregular nas elei\u00e7\u00f5es do 2022.<img decoding=\"async\" src=\"https:\/\/agenciabrasil.ebc.com.br\/ebc.png?id=1548021&amp;o=node\" \/><img decoding=\"async\" src=\"https:\/\/agenciabrasil.ebc.com.br\/ebc.gif?id=1548021&amp;o=node\" \/><\/p>\n<p>Por maioria de votos, os ministros entenderam que a campanha de Bolsonaro voltou utilizar no pleito do ano passado conte\u00fado antigo de\u00a0<em>fake news<\/em>\u00a0sobre o &#8220;kit gay&#8221;.<\/p>\n<p>Nas elei\u00e7\u00f5es anteriores, o tribunal entendeu como desinforma\u00e7\u00e3o as postagens que citaram uma inexistente distribui\u00e7\u00e3o dos kits durante o governo de Dilma Rousseff.<\/p>\n<p>O julgamento foi motivado por uma a\u00e7\u00e3o protocolada pela campanha do presidente Luiz In\u00e1cio Lula da Silva, que pediu a retirada do conte\u00fado sobre do kit da p\u00e1gina &#8220;Lulaflix&#8221;, criada pela coliga\u00e7\u00e3o de Bolsonaro durante a campanha.<\/p>\n<p>Durante o julgamento, a defesa da coliga\u00e7\u00e3o de Bolsonaro defendeu o arquivamento da a\u00e7\u00e3o diante do fim do pleito e citou que a campanha de Lula tamb\u00e9m criou um site chamado \u201cBolsoflix\u201d.<\/p>\n<p><span style=\"font-weight: 400;\">Fonte: Ag\u00eancia Brasil <\/span><\/p>\n","protected":false},"excerpt":{"rendered":"<p>O Tribunal Superior Eleitoral (TSE) decidiu, nesta ter\u00e7a-feira (8), multar o ex-presidente Jair Bolsonaro em R$ 20 mil por campanha eleitoral irregular nas elei\u00e7\u00f5es do 2022. Por maioria de votos, os ministros entenderam que a campanha de Bolsonaro voltou utilizar no pleito do ano passado conte\u00fado antigo de\u00a0fake news\u00a0sobre o &#8220;kit gay&#8221;. Nas elei\u00e7\u00f5es anteriores, [&hellip;]<\/p>\n","protected":false},"author":246,"featured_media":217065,"comment_status":"closed","ping_status":"closed","sticky":false,"template":"","format":"standard","meta":{"footnotes":""},"categories":[436,257,439],"tags":[],"class_list":["post-217064","post","type-post","status-publish","format-standard","has-post-thumbnail","hentry","category-destaque-da-semana","category-esporte","category-ultima-hora"],"_links":{"self":[{"href":"https:\/\/diarioregionaldigital.com.br\/index.php?rest_route=\/wp\/v2\/posts\/217064","targetHints":{"allow":["GET"]}}],"collection":[{"href":"https:\/\/diarioregionaldigital.com.br\/index.php?rest_route=\/wp\/v2\/posts"}],"about":[{"href":"https:\/\/diarioregionaldigital.com.br\/index.php?rest_route=\/wp\/v2\/types\/post"}],"author":[{"embeddable":true,"href":"https:\/\/diarioregionaldigital.com.br\/index.php?rest_route=\/wp\/v2\/users\/246"}],"replies":[{"embeddable":true,"href":"https:\/\/diarioregionaldigital.com.br\/index.php?rest_route=%2Fwp%2Fv2%2Fcomments&post=217064"}],"version-history":[{"count":1,"href":"https:\/\/diarioregionaldigital.com.br\/index.php?rest_route=\/wp\/v2\/posts\/217064\/revisions"}],"predecessor-version":[{"id":217066,"href":"https:\/\/diarioregionaldigital.com.br\/index.php?rest_route=\/wp\/v2\/posts\/217064\/revisions\/217066"}],"wp:featuredmedia":[{"embeddable":true,"href":"https:\/\/diarioregionaldigital.com.br\/index.php?rest_route=\/wp\/v2\/media\/217065"}],"wp:attachment":[{"href":"https:\/\/diarioregionaldigital.com.br\/index.php?rest_route=%2Fwp%2Fv2%2Fmedia&parent=217064"}],"wp:term":[{"taxonomy":"category","embeddable":true,"href":"https:\/\/diarioregionaldigital.com.br\/index.php?rest_route=%2Fwp%2Fv2%2Fcategories&post=217064"},{"taxonomy":"post_tag","embeddable":true,"href":"https:\/\/diarioregionaldigital.com.br\/index.php?rest_route=%2Fwp%2Fv2%2Ftags&post=217064"}],"curies":[{"name":"wp","href":"https:\/\/api.w.org\/{rel}","templated":true}]}}