{"id":217057,"date":"2023-08-09T17:53:31","date_gmt":"2023-08-09T20:53:31","guid":{"rendered":"https:\/\/diarioregionaldigital.com.br\/?p=217057"},"modified":"2023-08-09T17:53:31","modified_gmt":"2023-08-09T20:53:31","slug":"ccj-oficializa-eduardo-braga-como-relator-da-reforma-tributaria","status":"publish","type":"post","link":"https:\/\/diarioregionaldigital.com.br\/?p=217057","title":{"rendered":"CCJ oficializa Eduardo Braga como relator da reforma tribut\u00e1ria"},"content":{"rendered":"<p>O senador Eduardo Braga (MDB-AM) foi oficialmente designado relator da reforma tribut\u00e1ria pelo presidente da Comiss\u00e3o de Constitui\u00e7\u00e3o e Justi\u00e7a (CCJ), senador Davi Alcolumbre (Uni\u00e3o-AP). Braga j\u00e1 havia sido anunciado relator da mat\u00e9ria, mas s\u00f3 foi oficializado na sess\u00e3o desta quarta-feira (9). \u00a0<img decoding=\"async\" src=\"https:\/\/agenciabrasil.ebc.com.br\/ebc.png?id=1548108&amp;o=node\" \/><img decoding=\"async\" src=\"https:\/\/agenciabrasil.ebc.com.br\/ebc.gif?id=1548108&amp;o=node\" \/><\/p>\n<p>Ficou acordado que o plano de trabalho da reforma deve ser apresentado e votado na comiss\u00e3o na pr\u00f3xima quarta-feira (16). Alcolumbre destacou que a indica\u00e7\u00e3o de Braga foi fruto de um acordo dos l\u00edderes partid\u00e1rios do Senado costurado pelo presidente da Casa, senador Rodrigo Pacheco (PSD-MG).<\/p>\n<p>\u201cInformo que s\u00f3 chegou (o texto da reforma) na secretaria da comiss\u00e3o ontem. A gente j\u00e1 tinha feito, a partir de uma decis\u00e3o do Rodrigo Pacheco em acordo de lideran\u00e7as partid\u00e1rias, com que Vossa Excel\u00eancia fosse o relator da mat\u00e9ria, mas oficialmente, a partir de agora, Vossa Excel\u00eancia est\u00e1 de fato e de direito relator da reforma tribut\u00e1ria\u201d, disse Alcolumbre.<\/p>\n<p>Braga apensou ao texto\u00a0que chegou da C\u00e2mara duas Propostas de Emenda \u00e0 Constitui\u00e7\u00e3o (PECs) j\u00e1 em tramita\u00e7\u00e3o no Senado: a PEC 110, de autoria de Alcolumbre; e a PEC 46, apresentada pelo senador Oriovisto Guimar\u00e3es (Podemos-PR). Segundo Braga, \u201cestaremos trabalhando num relat\u00f3rio que ir\u00e1 fazer a uni\u00e3o desses conceitos em torno da reforma tribut\u00e1ria\u201d.<\/p>\n<p>Em conversa com a imprensa, Braga destacou que ir\u00e1 \u201couvir todos os segmentos produtivos desse pa\u00eds. A inten\u00e7\u00e3o \u00e9 que possamos ouvir a na\u00e7\u00e3o brasileira sobre a reforma tribut\u00e1ria e apresentar uma reforma tribut\u00e1ria que tenha esses tr\u00eas conceitos: simplifica\u00e7\u00e3o, neutralidade e equil\u00edbrio federativo\u201d.<\/p>\n<p>O senador amaz\u00f4nida ainda refor\u00e7ou o compromisso de finalizar os trabalhos da reforma tribut\u00e1ria no Senado at\u00e9 meados de outubro para que o tema possa voltar para nova an\u00e1lise da C\u00e2mara ainda neste ano.<\/p>\n<p>Nessa ter\u00e7a-feira, o ministro da Fazenda Fernando Haddad apresentou ao Senado os estudos feitos pela pasta sobre a poss\u00edvel\u00a0<a href=\"https:\/\/agenciabrasil.ebc.com.br\/economia\/noticia\/2023-08\/aliquota-padrao-do-iva-ficara-entre-2545-e-27-calcula-fazenda\" target=\"_blank\" rel=\"noopener\">al\u00edquota-padr\u00e3o do futuro Imposto sobre Valor Adicionado<\/a>\u00a0(IVA) dual, que deve ficar entre 25,45% e 27% com a introdu\u00e7\u00e3o das isen\u00e7\u00f5es aprovadas na C\u00e2mara dos Deputados.<\/p>\n<p><span style=\"font-weight: 400;\">Fonte: Ag\u00eancia Brasil <\/span><\/p>\n","protected":false},"excerpt":{"rendered":"<p>O senador Eduardo Braga (MDB-AM) foi oficialmente designado relator da reforma tribut\u00e1ria pelo presidente da Comiss\u00e3o de Constitui\u00e7\u00e3o e Justi\u00e7a (CCJ), senador Davi Alcolumbre (Uni\u00e3o-AP). Braga j\u00e1 havia sido anunciado relator da mat\u00e9ria, mas s\u00f3 foi oficializado na sess\u00e3o desta quarta-feira (9). \u00a0 Ficou acordado que o plano de trabalho da reforma deve ser apresentado [&hellip;]<\/p>\n","protected":false},"author":246,"featured_media":217058,"comment_status":"closed","ping_status":"closed","sticky":false,"template":"","format":"standard","meta":{"footnotes":""},"categories":[436,254,439],"tags":[],"class_list":["post-217057","post","type-post","status-publish","format-standard","has-post-thumbnail","hentry","category-destaque-da-semana","category-politica","category-ultima-hora"],"_links":{"self":[{"href":"https:\/\/diarioregionaldigital.com.br\/index.php?rest_route=\/wp\/v2\/posts\/217057","targetHints":{"allow":["GET"]}}],"collection":[{"href":"https:\/\/diarioregionaldigital.com.br\/index.php?rest_route=\/wp\/v2\/posts"}],"about":[{"href":"https:\/\/diarioregionaldigital.com.br\/index.php?rest_route=\/wp\/v2\/types\/post"}],"author":[{"embeddable":true,"href":"https:\/\/diarioregionaldigital.com.br\/index.php?rest_route=\/wp\/v2\/users\/246"}],"replies":[{"embeddable":true,"href":"https:\/\/diarioregionaldigital.com.br\/index.php?rest_route=%2Fwp%2Fv2%2Fcomments&post=217057"}],"version-history":[{"count":1,"href":"https:\/\/diarioregionaldigital.com.br\/index.php?rest_route=\/wp\/v2\/posts\/217057\/revisions"}],"predecessor-version":[{"id":217059,"href":"https:\/\/diarioregionaldigital.com.br\/index.php?rest_route=\/wp\/v2\/posts\/217057\/revisions\/217059"}],"wp:featuredmedia":[{"embeddable":true,"href":"https:\/\/diarioregionaldigital.com.br\/index.php?rest_route=\/wp\/v2\/media\/217058"}],"wp:attachment":[{"href":"https:\/\/diarioregionaldigital.com.br\/index.php?rest_route=%2Fwp%2Fv2%2Fmedia&parent=217057"}],"wp:term":[{"taxonomy":"category","embeddable":true,"href":"https:\/\/diarioregionaldigital.com.br\/index.php?rest_route=%2Fwp%2Fv2%2Fcategories&post=217057"},{"taxonomy":"post_tag","embeddable":true,"href":"https:\/\/diarioregionaldigital.com.br\/index.php?rest_route=%2Fwp%2Fv2%2Ftags&post=217057"}],"curies":[{"name":"wp","href":"https:\/\/api.w.org\/{rel}","templated":true}]}}