{"id":217042,"date":"2023-08-09T17:38:06","date_gmt":"2023-08-09T20:38:06","guid":{"rendered":"https:\/\/diarioregionaldigital.com.br\/?p=217042"},"modified":"2023-08-09T17:38:06","modified_gmt":"2023-08-09T20:38:06","slug":"vendas-do-varejo-ficam-estaveis-em-junho-diz-ibge","status":"publish","type":"post","link":"https:\/\/diarioregionaldigital.com.br\/?p=217042","title":{"rendered":"Vendas do varejo ficam est\u00e1veis em junho, diz IBGE"},"content":{"rendered":"<p>O volume de vendas do com\u00e9rcio varejista manteve-se est\u00e1vel em junho deste ano, na compara\u00e7\u00e3o com o m\u00eas anterior. A estabilidade veio depois de duas quedas consecutivas do setor: -0,7% em maio e -0,1% em abril. Os dados s\u00e3o da Pesquisa Mensal do Com\u00e9rcio (PMC), divulgada nesta quarta-feira (9) pelo Instituto Brasileiro de Geografia e Estat\u00edstica (IBGE).<img decoding=\"async\" src=\"https:\/\/agenciabrasil.ebc.com.br\/ebc.png?id=1548041&amp;o=node\" \/><img decoding=\"async\" src=\"https:\/\/agenciabrasil.ebc.com.br\/ebc.gif?id=1548041&amp;o=node\" \/><\/p>\n<p>Com o resultado, o com\u00e9rcio acumula queda de 0,3% na m\u00e9dia m\u00f3vel trimestral. Nos demais tipos de compara\u00e7\u00e3o temporal, no entanto, o setor apresenta altas: de 1,3% na compara\u00e7\u00e3o com junho do ano passado e no acumulado do primeiro semestre e de 0,9% no acumulado de 12 meses.<\/p>\n<p>O setor est\u00e1 3% acima do n\u00edvel de fevereiro de 2020, ou seja, no per\u00edodo pr\u00e9-pandemia de covid-19, mas 3,3% abaixo do patamar mais alto da s\u00e9rie hist\u00f3rica, registrado em outubro de 2020.<\/p>\n<p>Quatro das oito atividades pesquisadas pelo IBGE apresentaram alta de maio para junho: tecidos, vestu\u00e1rio e cal\u00e7ados (1,4%), hiper, supermercados, produtos aliment\u00edcios, bebidas e fumo (1,3%), livros, jornais, revistas e papelaria (1,2%) e m\u00f3veis e eletrodom\u00e9sticos (0,8%).<\/p>\n<p>Por outro lado, quatro tiveram queda: equipamentos e material para escrit\u00f3rio inform\u00e1tica e comunica\u00e7\u00e3o (-3,7%), outros artigos de uso pessoal e dom\u00e9stico (-0,9%), artigos farmac\u00eauticos, m\u00e9dicos, ortop\u00e9dicos e de perfumaria mostrou crescimento (-0,7%) e combust\u00edveis e lubrificantes (-0,6%).<\/p>\n<p>A receita do varejo subiu 0,5% na compara\u00e7\u00e3o com maio deste ano, 0,6% em rela\u00e7\u00e3o a junho de 2022, 4,6% no acumulado do semestre e 8,2% no acumulado de 12 meses.<\/p>\n<h2>Varejo ampliado<\/h2>\n<p>O varejo ampliado, que tamb\u00e9m inclui os materiais de constru\u00e7\u00e3o e ve\u00edculos e pe\u00e7as, cresceu 1,2% de maio para junho, com destaque para as vendas de ve\u00edculos e motos, partes e pe\u00e7as (8,5%). Os materiais de constru\u00e7\u00e3o recuaram 0,3%.<\/p>\n<p>Na compara\u00e7\u00e3o com junho de 2022, o varejo ampliado cresceu 8,3%. Tamb\u00e9m houve altas no acumulado do semestre (4%) e no acumulado de 12 meses (1,1%).<\/p>\n<p>A receita nominal do segmento cresceu 1% em rela\u00e7\u00e3o a maio, 9% na compara\u00e7\u00e3o com junho, 8,4% no acumulado do semestre e 9% no acumulado de 12 meses.<\/p>\n<p><span style=\"font-weight: 400;\">Fonte: Ag\u00eancia Brasil <\/span><\/p>\n","protected":false},"excerpt":{"rendered":"<p>O volume de vendas do com\u00e9rcio varejista manteve-se est\u00e1vel em junho deste ano, na compara\u00e7\u00e3o com o m\u00eas anterior. A estabilidade veio depois de duas quedas consecutivas do setor: -0,7% em maio e -0,1% em abril. Os dados s\u00e3o da Pesquisa Mensal do Com\u00e9rcio (PMC), divulgada nesta quarta-feira (9) pelo Instituto Brasileiro de Geografia e [&hellip;]<\/p>\n","protected":false},"author":246,"featured_media":217043,"comment_status":"closed","ping_status":"closed","sticky":false,"template":"","format":"standard","meta":{"footnotes":""},"categories":[436,261,439],"tags":[],"class_list":["post-217042","post","type-post","status-publish","format-standard","has-post-thumbnail","hentry","category-destaque-da-semana","category-economia","category-ultima-hora"],"_links":{"self":[{"href":"https:\/\/diarioregionaldigital.com.br\/index.php?rest_route=\/wp\/v2\/posts\/217042","targetHints":{"allow":["GET"]}}],"collection":[{"href":"https:\/\/diarioregionaldigital.com.br\/index.php?rest_route=\/wp\/v2\/posts"}],"about":[{"href":"https:\/\/diarioregionaldigital.com.br\/index.php?rest_route=\/wp\/v2\/types\/post"}],"author":[{"embeddable":true,"href":"https:\/\/diarioregionaldigital.com.br\/index.php?rest_route=\/wp\/v2\/users\/246"}],"replies":[{"embeddable":true,"href":"https:\/\/diarioregionaldigital.com.br\/index.php?rest_route=%2Fwp%2Fv2%2Fcomments&post=217042"}],"version-history":[{"count":1,"href":"https:\/\/diarioregionaldigital.com.br\/index.php?rest_route=\/wp\/v2\/posts\/217042\/revisions"}],"predecessor-version":[{"id":217044,"href":"https:\/\/diarioregionaldigital.com.br\/index.php?rest_route=\/wp\/v2\/posts\/217042\/revisions\/217044"}],"wp:featuredmedia":[{"embeddable":true,"href":"https:\/\/diarioregionaldigital.com.br\/index.php?rest_route=\/wp\/v2\/media\/217043"}],"wp:attachment":[{"href":"https:\/\/diarioregionaldigital.com.br\/index.php?rest_route=%2Fwp%2Fv2%2Fmedia&parent=217042"}],"wp:term":[{"taxonomy":"category","embeddable":true,"href":"https:\/\/diarioregionaldigital.com.br\/index.php?rest_route=%2Fwp%2Fv2%2Fcategories&post=217042"},{"taxonomy":"post_tag","embeddable":true,"href":"https:\/\/diarioregionaldigital.com.br\/index.php?rest_route=%2Fwp%2Fv2%2Ftags&post=217042"}],"curies":[{"name":"wp","href":"https:\/\/api.w.org\/{rel}","templated":true}]}}