{"id":217039,"date":"2023-08-09T17:36:44","date_gmt":"2023-08-09T20:36:44","guid":{"rendered":"https:\/\/diarioregionaldigital.com.br\/?p=217039"},"modified":"2023-08-09T17:36:44","modified_gmt":"2023-08-09T20:36:44","slug":"presentes-para-o-dia-dos-pais-sobem-mais-que-a-media-da-inflacao","status":"publish","type":"post","link":"https:\/\/diarioregionaldigital.com.br\/?p=217039","title":{"rendered":"Presentes para o Dia dos Pais sobem mais que a m\u00e9dia da infla\u00e7\u00e3o"},"content":{"rendered":"<p>Quem for\u00a0presentear o pai no pr\u00f3ximo domingo (13) vai sentir no bolso um peso, em m\u00e9dia, maior que a infla\u00e7\u00e3o geral. Levantamento do Instituto Brasileiro de Economia (Ibre) da Funda\u00e7\u00e3o Getulio Vargas (FGV) revela que a chamada \u201cInfla\u00e7\u00e3o do Dia dos Pais\u201d ficou acima do \u00edndice geral de aumento de pre\u00e7os. A cesta de presentes e servi\u00e7os relacionados \u00e0 data est\u00e1 4,1% mais cara em rela\u00e7\u00e3o ao ano passado. Essa alta fica acima do acumulado de 12 meses da infla\u00e7\u00e3o m\u00e9dia, 2,8%.\u00a0<img decoding=\"async\" src=\"https:\/\/agenciabrasil.ebc.com.br\/ebc.png?id=1548076&amp;o=node\" \/><img decoding=\"async\" src=\"https:\/\/agenciabrasil.ebc.com.br\/ebc.gif?id=1548076&amp;o=node\" \/><\/p>\n<p>Entre os itens mais caros neste Dia dos Pais est\u00e3o perfumes (8,3%), livros (8,3%), cinema (5,6%), roupas (5,5%), restaurante (5,3%) e rel\u00f3gios (4,2%). Os computadores (-4,3%) e celulares (-2,6%) ficaram mais baratos.<\/p>\n<p>A desvaloriza\u00e7\u00e3o do d\u00f3lar, cerca de 5% nos \u00faltimos 12 meses, \u00e9 um dos fatores que explicam a queda no pre\u00e7o desses produtos eletr\u00f4nicos. \u201cA valoriza\u00e7\u00e3o cambial, se considerada a partir de agosto do ano passado, ajuda sim, mas juros elevados tamb\u00e9m diminuem a demanda por bens dur\u00e1veis, o que ajuda a baixar os pre\u00e7os. O pre\u00e7o desse grupo de produtos foi diretamente afetado pela taxa de juros\u201d, explica o coordenador dos \u00cdndices de Pre\u00e7os da\u00a0FGV, Andr\u00e9 Braz.<\/p>\n<h2>Vendas<\/h2>\n<p>O Dia dos Pais deve ter\u00a0<a href=\"https:\/\/agenciabrasil.ebc.com.br\/economia\/noticia\/2023-08\/dia-dos-pais-deve-movimentar-r-76-bilhoes-em-vendas-estima-cnc\" target=\"_blank\" rel=\"noopener\">volume de vendas<\/a>\u00a0de R$ 7,67 bilh\u00f5es, com crescimento de 2,2% em rela\u00e7\u00e3o ao ano passado. A estimativa \u00e9 da Confedera\u00e7\u00e3o Nacional do Com\u00e9rcio de Bens, Servi\u00e7os e Turismo (CNC). Levantamento do Instituto Fecom\u00e9rcio de Pesquisas e An\u00e1lises (IFec RJ) mostra\u00a0que a inten\u00e7\u00e3o de compra \u00e9 de cerca de R$ 140 por presente.<\/p>\n<p>A data \u00e9 a quarta mais importante para o com\u00e9rcio, depois do Natal, Dia das M\u00e3es e Dia das Crian\u00e7as, na ordem. Essa import\u00e2ncia nas vendas \u00e9 refletida na gera\u00e7\u00e3o de empregos tempor\u00e1rios. A CNC estima que 10.380 mil pessoas sejam contratadas para atender \u00e0 demanda de vendas.<\/p>\n<p><span style=\"font-weight: 400;\">Fonte: Ag\u00eancia Brasil <\/span><\/p>\n","protected":false},"excerpt":{"rendered":"<p>Quem for\u00a0presentear o pai no pr\u00f3ximo domingo (13) vai sentir no bolso um peso, em m\u00e9dia, maior que a infla\u00e7\u00e3o geral. Levantamento do Instituto Brasileiro de Economia (Ibre) da Funda\u00e7\u00e3o Getulio Vargas (FGV) revela que a chamada \u201cInfla\u00e7\u00e3o do Dia dos Pais\u201d ficou acima do \u00edndice geral de aumento de pre\u00e7os. A cesta de presentes [&hellip;]<\/p>\n","protected":false},"author":246,"featured_media":217040,"comment_status":"closed","ping_status":"closed","sticky":false,"template":"","format":"standard","meta":{"footnotes":""},"categories":[436,261,439],"tags":[],"class_list":["post-217039","post","type-post","status-publish","format-standard","has-post-thumbnail","hentry","category-destaque-da-semana","category-economia","category-ultima-hora"],"_links":{"self":[{"href":"https:\/\/diarioregionaldigital.com.br\/index.php?rest_route=\/wp\/v2\/posts\/217039","targetHints":{"allow":["GET"]}}],"collection":[{"href":"https:\/\/diarioregionaldigital.com.br\/index.php?rest_route=\/wp\/v2\/posts"}],"about":[{"href":"https:\/\/diarioregionaldigital.com.br\/index.php?rest_route=\/wp\/v2\/types\/post"}],"author":[{"embeddable":true,"href":"https:\/\/diarioregionaldigital.com.br\/index.php?rest_route=\/wp\/v2\/users\/246"}],"replies":[{"embeddable":true,"href":"https:\/\/diarioregionaldigital.com.br\/index.php?rest_route=%2Fwp%2Fv2%2Fcomments&post=217039"}],"version-history":[{"count":1,"href":"https:\/\/diarioregionaldigital.com.br\/index.php?rest_route=\/wp\/v2\/posts\/217039\/revisions"}],"predecessor-version":[{"id":217041,"href":"https:\/\/diarioregionaldigital.com.br\/index.php?rest_route=\/wp\/v2\/posts\/217039\/revisions\/217041"}],"wp:featuredmedia":[{"embeddable":true,"href":"https:\/\/diarioregionaldigital.com.br\/index.php?rest_route=\/wp\/v2\/media\/217040"}],"wp:attachment":[{"href":"https:\/\/diarioregionaldigital.com.br\/index.php?rest_route=%2Fwp%2Fv2%2Fmedia&parent=217039"}],"wp:term":[{"taxonomy":"category","embeddable":true,"href":"https:\/\/diarioregionaldigital.com.br\/index.php?rest_route=%2Fwp%2Fv2%2Fcategories&post=217039"},{"taxonomy":"post_tag","embeddable":true,"href":"https:\/\/diarioregionaldigital.com.br\/index.php?rest_route=%2Fwp%2Fv2%2Ftags&post=217039"}],"curies":[{"name":"wp","href":"https:\/\/api.w.org\/{rel}","templated":true}]}}