{"id":217029,"date":"2023-08-08T20:17:49","date_gmt":"2023-08-08T23:17:49","guid":{"rendered":"https:\/\/diarioregionaldigital.com.br\/?p=217029"},"modified":"2023-08-08T20:17:49","modified_gmt":"2023-08-08T23:17:49","slug":"8o-torneio-leiteiro-de-angolinha-promete-agitar-comunidade-a-partir-desta-quinta-feira-10","status":"publish","type":"post","link":"https:\/\/diarioregionaldigital.com.br\/?p=217029","title":{"rendered":"8\u00ba Torneio Leiteiro de Angolinha promete agitar comunidade a partir desta quinta-feira, 10"},"content":{"rendered":"<p>Segundo informa\u00e7\u00f5es do site da Prefeitura de Juiz de Fora (PJF), come\u00e7a nesta quinta-feira, 10, o \u201c8\u00ba Torneio Leiteiro e 2\u00aa Mostra de Bezerras de Angolinha\u201d. A abertura oficial est\u00e1 marcada para as 21h no campo de futebol da localidade e o evento segue at\u00e9 domingo, 13, com uma programa\u00e7\u00e3o diversificada. A localidade n\u00e3o realiza o torneio desde 2019 e promete agitar a comunidade com m\u00fasica e valoriza\u00e7\u00e3o dos produtores rurais.<\/p>\n<p>As atra\u00e7\u00f5es s\u00e3o gratuitas, incluindo a competi\u00e7\u00e3o leiteira, shows e brincadeiras gratuitas para as crian\u00e7as atrav\u00e9s do Projeto JF Lazer, da Secretaria de Esporte e Lazer (SEL) da Prefeitura de Juiz de Fora (PJF), que ser\u00e1 realizado no s\u00e1bado, 12, a partir das 14h. O circuito de torneios leiteiros est\u00e1 chegando ao fim. Na pr\u00f3xima semana, as festividades se encerram com o Torneio de Valadares, totalizando 12 eventos.<\/p>\n<p>A fim de atender ao p\u00fablico do evento, a PJF,\u00a0\u00a0por meio da Secretaria de Mobilidade Urbana (SMU), disponibiliza hor\u00e1rios extras da linha 523 (Monte Verde).<\/p>\n<p>Na quinta-feira, 10, e na sexta-feira, 11, o p\u00fablico conta com os \u00f4nibus \u00e0s 20h, que far\u00e3o extens\u00e3o at\u00e9 Angolinha e retornar\u00e3o para Monte Verde para continuar com o atendimento normal da linha.<\/p>\n<p>No s\u00e1bado, 12, al\u00e9m do \u00f4nibus das 20h, ser\u00e1 disponibilizado um carro \u00e0s 20h30, que realizar\u00e1 a extens\u00e3o em Angolinha \u00e0s 22h15. Tamb\u00e9m haver\u00e1 \u00f4nibus com sa\u00edda de Angolinha \u00e0 00h30 e \u00e0s 03h15. No domingo, 13, a linha ter\u00e1 atendimento normal.<\/p>\n<p>O itiner\u00e1rio e os hor\u00e1rios das linhas rotineiras que atendem a Angolinha podem ser acessados no Portal da PJF.<\/p>\n<p><strong>Confira a programa\u00e7\u00e3o completa:<\/strong><\/p>\n<p><strong>Quinta-feira (10\/08)<\/strong><\/p>\n<p><strong>14h<\/strong>\u00a0&#8211; Chegada dos animais<\/p>\n<p><strong>18h &#8211;<\/strong>\u00a0B\u00ean\u00e7\u00e3o dos animais<\/p>\n<p><strong>19h<\/strong>\u00a0&#8211; Esgota (retirada do leite) dos animais<\/p>\n<p><strong>21h &#8211;<\/strong>\u00a0Abertura oficial<\/p>\n<p><strong>22h &#8211;\u00a0<\/strong>Show com Bruno Falc\u00e3o<\/p>\n<p>&nbsp;<\/p>\n<p><strong>Sexta-feira (11\/08)<\/strong><\/p>\n<p><strong>8h<\/strong>\u00a0&#8211; Primeira ordenha<\/p>\n<p><strong>19h<\/strong>\u00a0&#8211; Segunda ordenha<\/p>\n<p><strong>21h30<\/strong>\u00a0&#8211; Show com a Banda Estilo Vip<\/p>\n<p><strong>00h<\/strong>\u00a0&#8211; Show com Wallace e Jos\u00e9lio Martins<\/p>\n<p>&nbsp;<\/p>\n<p><strong>S\u00e1bado (12\/08)<\/strong><\/p>\n<p><strong>8h<\/strong>\u00a0&#8211; Terceira ordenha<\/p>\n<p><strong>12h\u00a0<\/strong>&#8211; Encontro de Cavaleiros e Amazonas<\/p>\n<p><strong>14h<\/strong>\u00a0&#8211; Show com Guto Costa<\/p>\n<p><strong>14h \u00e0s 17h<\/strong>\u00a0&#8211; Projeto JF Lazer<\/p>\n<p><strong>19h &#8211;<\/strong>\u00a0Quarta ordenha<\/p>\n<p><strong>21h<\/strong>\u00a0&#8211; Show com Monique e Leonardo<\/p>\n<p><strong>23h\u00a0<\/strong>&#8211; Show com Os Pereirinhas<\/p>\n<p><strong>1h &#8211;\u00a0<\/strong>Show com Renan e Christiano<\/p>\n<p>&nbsp;<\/p>\n<p><strong>Domingo (13\/08)<\/strong><\/p>\n<p><strong>8h &#8211;<\/strong>\u00a0Quinta ordenha<\/p>\n<p><strong>11h &#8211;<\/strong>\u00a0Premia\u00e7\u00e3o dos Produtores<\/p>\n<p><strong>13h &#8211;<\/strong>\u00a0Missa com Padre Er\u00e9lis em homenagem aos Pais e Produtores<\/p>\n<p><strong>14h30 &#8211;<\/strong>\u00a0Show de pr\u00eamios<\/p>\n<p><strong>16h &#8211;<\/strong>\u00a0Encerramento<\/p>\n","protected":false},"excerpt":{"rendered":"<p>Segundo informa\u00e7\u00f5es do site da Prefeitura de Juiz de Fora (PJF), come\u00e7a nesta quinta-feira, 10, o \u201c8\u00ba Torneio Leiteiro e 2\u00aa Mostra de Bezerras de Angolinha\u201d. A abertura oficial est\u00e1 marcada para as 21h no campo de futebol da localidade e o evento segue at\u00e9 domingo, 13, com uma programa\u00e7\u00e3o diversificada. A localidade n\u00e3o realiza [&hellip;]<\/p>\n","protected":false},"author":246,"featured_media":217030,"comment_status":"closed","ping_status":"closed","sticky":false,"template":"","format":"standard","meta":{"footnotes":""},"categories":[253,436,439],"tags":[],"class_list":["post-217029","post","type-post","status-publish","format-standard","has-post-thumbnail","hentry","category-cidade","category-destaque-da-semana","category-ultima-hora"],"_links":{"self":[{"href":"https:\/\/diarioregionaldigital.com.br\/index.php?rest_route=\/wp\/v2\/posts\/217029","targetHints":{"allow":["GET"]}}],"collection":[{"href":"https:\/\/diarioregionaldigital.com.br\/index.php?rest_route=\/wp\/v2\/posts"}],"about":[{"href":"https:\/\/diarioregionaldigital.com.br\/index.php?rest_route=\/wp\/v2\/types\/post"}],"author":[{"embeddable":true,"href":"https:\/\/diarioregionaldigital.com.br\/index.php?rest_route=\/wp\/v2\/users\/246"}],"replies":[{"embeddable":true,"href":"https:\/\/diarioregionaldigital.com.br\/index.php?rest_route=%2Fwp%2Fv2%2Fcomments&post=217029"}],"version-history":[{"count":1,"href":"https:\/\/diarioregionaldigital.com.br\/index.php?rest_route=\/wp\/v2\/posts\/217029\/revisions"}],"predecessor-version":[{"id":217031,"href":"https:\/\/diarioregionaldigital.com.br\/index.php?rest_route=\/wp\/v2\/posts\/217029\/revisions\/217031"}],"wp:featuredmedia":[{"embeddable":true,"href":"https:\/\/diarioregionaldigital.com.br\/index.php?rest_route=\/wp\/v2\/media\/217030"}],"wp:attachment":[{"href":"https:\/\/diarioregionaldigital.com.br\/index.php?rest_route=%2Fwp%2Fv2%2Fmedia&parent=217029"}],"wp:term":[{"taxonomy":"category","embeddable":true,"href":"https:\/\/diarioregionaldigital.com.br\/index.php?rest_route=%2Fwp%2Fv2%2Fcategories&post=217029"},{"taxonomy":"post_tag","embeddable":true,"href":"https:\/\/diarioregionaldigital.com.br\/index.php?rest_route=%2Fwp%2Fv2%2Ftags&post=217029"}],"curies":[{"name":"wp","href":"https:\/\/api.w.org\/{rel}","templated":true}]}}