{"id":217026,"date":"2023-08-08T20:15:41","date_gmt":"2023-08-08T23:15:41","guid":{"rendered":"https:\/\/diarioregionaldigital.com.br\/?p=217026"},"modified":"2023-08-08T20:15:41","modified_gmt":"2023-08-08T23:15:41","slug":"prefeita-sanciona-politica-municipal-para-a-populacao-em-situacao-de-rua-e-lanca-aquabox-alma-lavada","status":"publish","type":"post","link":"https:\/\/diarioregionaldigital.com.br\/?p=217026","title":{"rendered":"Prefeita sanciona Pol\u00edtica Municipal para a Popula\u00e7\u00e3o em Situa\u00e7\u00e3o de Rua e lan\u00e7a Aquabox \u2013 Alma Lavada"},"content":{"rendered":"<p>Segundo informa\u00e7\u00f5es do site da Prefeitura de Juiz de Fora (PJF), nesta ter\u00e7a-feira, 8, a prefeita Margarida Salom\u00e3o sancionou a Pol\u00edtica Municipal para a Popula\u00e7\u00e3o em Situa\u00e7\u00e3o de Rua do Munic\u00edpio de Juiz de Fora. A iniciativa foi marcada pelo lan\u00e7amento oficial do Aquabox \u2013 Alma Lavada, equipamento p\u00fablico com o objetivo de efetivar o direito \u00e0 higiene pessoal e \u00e0 dignidade humana, situado embaixo do viaduto Augusto Franco \u2013 Rua \u00c2ngelo Falci, 100, Centro.<\/p>\n<p>Trata-se de um cont\u00eainer equipado com 5 cabines sanit\u00e1rias, cada uma com chuveiro el\u00e9trico e vaso sanit\u00e1rio, uma delas adaptada para pessoa com defici\u00eancia. S\u00e3o oferecidos sabonete l\u00edquido e toalha de banho, que s\u00e3o devolvidas ap\u00f3s o uso e levadas para lavagem. O funcionamento \u00e9 de segunda a sexta-feira, das 9h \u00e0s 18h, com capacidade para 100 banhos di\u00e1rios. O Aquabox \u00e9 custeado por meio de um conv\u00eanio assinado entre a Secretaria Especial de Direitos Humanos (SEDH) e a Companhia de Saneamento Municipal (Cesama). O projeto foi realizado tamb\u00e9m por meio de parceria entre a Prefeitura de Juiz de Fora (PJF), a iniciativa privada e o terceiro setor.<\/p>\n<p>A prefeita Margarida Salom\u00e3o elogiou o trabalho feito com afinco pelo Comit\u00ea Pop Rua e fez um panorama de como a sociedade percebe esse p\u00fablico. \u201cAs pessoas geralmente apresentam concep\u00e7\u00f5es higienistas e que a melhor forma de lidar com a popula\u00e7\u00e3o de rua seria estimular para que fossem para outros lugares, para que n\u00e3o sejam vistas. Seres humanos que moram nas ruas t\u00eam os mesmos direitos de todos. As pol\u00edticas p\u00fablicas devem ter a participa\u00e7\u00e3o popular e esse trabalho do comit\u00ea s\u00f3 faria sentido com o engajamento de quem vive essa realidade para conferir significado \u00e0 a\u00e7\u00e3o. \u00c9 um grande passo a aprova\u00e7\u00e3o da iniciativa, que demonstra que a cidade \u00e9 avan\u00e7ada na percep\u00e7\u00e3o de direitos.\u201d<\/p>\n<p>O secret\u00e1rio especial de Direitos Humanos, Biel Rocha, ressaltou o compromisso do governo com as pessoas que mais precisam de pol\u00edticas p\u00fablicas e lembrou da cria\u00e7\u00e3o do Comit\u00ea Pop Rua, por meio Decreto n\u00ba 14.489, com a proposta de elaborar, acompanhar, monitorar e gerir a pol\u00edtica municipal para a popula\u00e7\u00e3o em situa\u00e7\u00e3o de rua. \u201cMais do que uma a\u00e7\u00e3o de governo, era necess\u00e1rio construir uma pol\u00edtica de Estado permanente; foi constru\u00edda uma proposta de lei, encaminhada para a C\u00e2mara Municipal, onde foi aprovada por unanimidade, em que as diretrizes apontam para que a popula\u00e7\u00e3o em situa\u00e7\u00e3o de rua tenha a\u00e7\u00f5es elaboradas com o princ\u00edpio de que s\u00e3o sujeitos de direitos com a\u00e7\u00f5es do Poder P\u00fablico intersetoriais. Em 2021, recebemos a visita do Instituto de Estudos do Desenvolvimento Sustent\u00e1vel (IEDS) com a proposta de um espa\u00e7o de higiene para esse p\u00fablico, um grupo de empres\u00e1rios abra\u00e7ou a ideia e foi elaborado um termo de doa\u00e7\u00e3o do equipamento. A Cesama implantou a rede de \u00e1gua e esgoto e o Demlurb auxilia na limpeza do espa\u00e7o. N\u00e3o podemos ver esse equipamento de forma isolada, isso faz parte de uma s\u00e9rie de a\u00e7\u00f5es que v\u00eam sendo implementadas para garantir a dignidade das pessoas.\u201d<\/p>\n<p>A secret\u00e1ria de governo, Cidinha Louzada, tamb\u00e9m refor\u00e7ou a import\u00e2ncia do trabalho. \u201cN\u00e3o queremos o desconforto das pessoas que mais precisam. Desejamos que nenhuma pessoa precise dos equipamentos sociais, mas, enquanto esse dia n\u00e3o chega, estaremos trabalhando por pol\u00edticas p\u00fablicas.\u201d<\/p>\n<p>J\u00falio Sim\u00f5es \u00e9 usu\u00e1rio do espa\u00e7o e falou da import\u00e2ncia das a\u00e7\u00f5es da PJF em prol da popula\u00e7\u00e3o em situa\u00e7\u00e3o de rua. \u201cObrigado\u00a0prefeita por tantas oportunidades. N\u00e3o tenho reclama\u00e7\u00f5es, apenas agradecimentos. H\u00e1 4 meses, estou nessa situa\u00e7\u00e3o e encontrei apoio, lugar para dormir, refei\u00e7\u00f5es, como o caf\u00e9 da manh\u00e3 e o funcionamento do Restaurante Popular todos os dias da semana.&#8221;<\/p>\n<p>O diretor-presidente da Cesama lembrou dos 60 anos de exist\u00eancia da companhia e celebrou a parceria. Assim como a vereadora Laiz Perrut, que representou a C\u00e2mara Municipal no evento. \u201cQuando temos uma pol\u00edtica bem estruturada, isso fica para posteridade e transforma a vida das pessoas.\u201d<\/p>\n<p>Tamb\u00e9m estiveram presentes no lan\u00e7amento os vereadores Andr\u00e9 Luiz e Cida Oliveira.<\/p>\n","protected":false},"excerpt":{"rendered":"<p>Segundo informa\u00e7\u00f5es do site da Prefeitura de Juiz de Fora (PJF), nesta ter\u00e7a-feira, 8, a prefeita Margarida Salom\u00e3o sancionou a Pol\u00edtica Municipal para a Popula\u00e7\u00e3o em Situa\u00e7\u00e3o de Rua do Munic\u00edpio de Juiz de Fora. A iniciativa foi marcada pelo lan\u00e7amento oficial do Aquabox \u2013 Alma Lavada, equipamento p\u00fablico com o objetivo de efetivar o [&hellip;]<\/p>\n","protected":false},"author":246,"featured_media":217027,"comment_status":"closed","ping_status":"closed","sticky":false,"template":"","format":"standard","meta":{"footnotes":""},"categories":[253,436,440,439],"tags":[],"class_list":["post-217026","post","type-post","status-publish","format-standard","has-post-thumbnail","hentry","category-cidade","category-destaque-da-semana","category-destaques-do-dia","category-ultima-hora"],"_links":{"self":[{"href":"https:\/\/diarioregionaldigital.com.br\/index.php?rest_route=\/wp\/v2\/posts\/217026","targetHints":{"allow":["GET"]}}],"collection":[{"href":"https:\/\/diarioregionaldigital.com.br\/index.php?rest_route=\/wp\/v2\/posts"}],"about":[{"href":"https:\/\/diarioregionaldigital.com.br\/index.php?rest_route=\/wp\/v2\/types\/post"}],"author":[{"embeddable":true,"href":"https:\/\/diarioregionaldigital.com.br\/index.php?rest_route=\/wp\/v2\/users\/246"}],"replies":[{"embeddable":true,"href":"https:\/\/diarioregionaldigital.com.br\/index.php?rest_route=%2Fwp%2Fv2%2Fcomments&post=217026"}],"version-history":[{"count":1,"href":"https:\/\/diarioregionaldigital.com.br\/index.php?rest_route=\/wp\/v2\/posts\/217026\/revisions"}],"predecessor-version":[{"id":217028,"href":"https:\/\/diarioregionaldigital.com.br\/index.php?rest_route=\/wp\/v2\/posts\/217026\/revisions\/217028"}],"wp:featuredmedia":[{"embeddable":true,"href":"https:\/\/diarioregionaldigital.com.br\/index.php?rest_route=\/wp\/v2\/media\/217027"}],"wp:attachment":[{"href":"https:\/\/diarioregionaldigital.com.br\/index.php?rest_route=%2Fwp%2Fv2%2Fmedia&parent=217026"}],"wp:term":[{"taxonomy":"category","embeddable":true,"href":"https:\/\/diarioregionaldigital.com.br\/index.php?rest_route=%2Fwp%2Fv2%2Fcategories&post=217026"},{"taxonomy":"post_tag","embeddable":true,"href":"https:\/\/diarioregionaldigital.com.br\/index.php?rest_route=%2Fwp%2Fv2%2Ftags&post=217026"}],"curies":[{"name":"wp","href":"https:\/\/api.w.org\/{rel}","templated":true}]}}