{"id":217023,"date":"2023-08-08T20:10:15","date_gmt":"2023-08-08T23:10:15","guid":{"rendered":"https:\/\/diarioregionaldigital.com.br\/?p=217023"},"modified":"2023-08-08T20:10:15","modified_gmt":"2023-08-08T23:10:15","slug":"luca-kumahara-e-autorizado-a-competir-no-tenis-de-mesa-masculino","status":"publish","type":"post","link":"https:\/\/diarioregionaldigital.com.br\/?p=217023","title":{"rendered":"Luca Kumahara \u00e9 autorizado a competir no t\u00eanis de mesa masculino"},"content":{"rendered":"<p>O brasileiro Luca Kumahara recebeu aval da Federa\u00e7\u00e3o Internacional de T\u00eanis de Mesa (ITTF) para come\u00e7ar a participar de competi\u00e7\u00f5es masculinas. Nesta ter\u00e7a-feira (8), a decis\u00e3o da entidade foi comunicada \u00e0 Confedera\u00e7\u00e3o Brasileira de T\u00eanis de Mesa (CBTM), que havia feito o pedido de mudan\u00e7a.<img decoding=\"async\" src=\"https:\/\/agenciabrasil.ebc.com.br\/ebc.png?id=1547934&amp;o=node\" \/><img decoding=\"async\" src=\"https:\/\/agenciabrasil.ebc.com.br\/ebc.gif?id=1547934&amp;o=node\" \/><\/p>\n<p>A solicita\u00e7\u00e3o foi feita ano passado, ap\u00f3s o atleta informar \u00e0 CBTM que iniciara o processo de transi\u00e7\u00e3o de g\u00eanero, come\u00e7ando por adotar Luca como seu novo nome social,\u00a0nos torneios internacionais, ainda como integrante da equipe brasileira feminina de t\u00eanis de mesa.<\/p>\n<p>Por se tratar de um caso in\u00e9dito de transi\u00e7\u00e3o de g\u00eanero na modalidade em todo o mundo, a entidade internacional precisou montar um grupo de trabalho para analisar o tema. O estudo embasou a decis\u00e3o anunciada hoje.<\/p>\n<blockquote><p>\u201cNa ITTF, entendemos que esta transi\u00e7\u00e3o \u00e9 um passo significativo em sua jornada e queremos garantir a voc\u00ea que a Federa\u00e7\u00e3o apoia suas escolhas e decis\u00f5es.\u00a0Estamos empenhados em criar um ambiente que promova a inclus\u00e3o e respeite as identidades individuais\u201d, disse Raul Callin, secret\u00e1rio geral da ITTF, em\u00a0mensagem de apoio\u00a0\u00e0 Kumahara.<\/p><\/blockquote>\n<p>O mesa-tenista paulista de 28 anos, que tem no curr\u00edculo participa\u00e7\u00f5es em competi\u00e7\u00f5es femininas nas Olimp\u00edadas de Londres 2012, Rio 2016 e T\u00f3quio 2020, ter\u00e1 os resultados anteriores mantidos em seu hist\u00f3rico no site da ITTF.<\/p>\n<p>A partir de agora, a CBTM far\u00e1 o pedido oficial de inclus\u00e3o de Kumahara em competi\u00e7\u00f5es masculinas, em formul\u00e1rio especial. Ap\u00f3s os tr\u00e2mites\u00a0burocr\u00e1ticos, o brasileiro\u00a0estar\u00e1 apto a jogar competi\u00e7\u00f5es masculinas ao redor do mundo.<\/p>\n<p><span style=\"font-weight: 400;\">Fonte: Ag\u00eancia Brasil\u00a0 <\/span><\/p>\n","protected":false},"excerpt":{"rendered":"<p>O brasileiro Luca Kumahara recebeu aval da Federa\u00e7\u00e3o Internacional de T\u00eanis de Mesa (ITTF) para come\u00e7ar a participar de competi\u00e7\u00f5es masculinas. Nesta ter\u00e7a-feira (8), a decis\u00e3o da entidade foi comunicada \u00e0 Confedera\u00e7\u00e3o Brasileira de T\u00eanis de Mesa (CBTM), que havia feito o pedido de mudan\u00e7a. A solicita\u00e7\u00e3o foi feita ano passado, ap\u00f3s o atleta informar [&hellip;]<\/p>\n","protected":false},"author":246,"featured_media":217024,"comment_status":"closed","ping_status":"closed","sticky":false,"template":"","format":"standard","meta":{"footnotes":""},"categories":[436,257,439],"tags":[],"class_list":["post-217023","post","type-post","status-publish","format-standard","has-post-thumbnail","hentry","category-destaque-da-semana","category-esporte","category-ultima-hora"],"_links":{"self":[{"href":"https:\/\/diarioregionaldigital.com.br\/index.php?rest_route=\/wp\/v2\/posts\/217023","targetHints":{"allow":["GET"]}}],"collection":[{"href":"https:\/\/diarioregionaldigital.com.br\/index.php?rest_route=\/wp\/v2\/posts"}],"about":[{"href":"https:\/\/diarioregionaldigital.com.br\/index.php?rest_route=\/wp\/v2\/types\/post"}],"author":[{"embeddable":true,"href":"https:\/\/diarioregionaldigital.com.br\/index.php?rest_route=\/wp\/v2\/users\/246"}],"replies":[{"embeddable":true,"href":"https:\/\/diarioregionaldigital.com.br\/index.php?rest_route=%2Fwp%2Fv2%2Fcomments&post=217023"}],"version-history":[{"count":1,"href":"https:\/\/diarioregionaldigital.com.br\/index.php?rest_route=\/wp\/v2\/posts\/217023\/revisions"}],"predecessor-version":[{"id":217025,"href":"https:\/\/diarioregionaldigital.com.br\/index.php?rest_route=\/wp\/v2\/posts\/217023\/revisions\/217025"}],"wp:featuredmedia":[{"embeddable":true,"href":"https:\/\/diarioregionaldigital.com.br\/index.php?rest_route=\/wp\/v2\/media\/217024"}],"wp:attachment":[{"href":"https:\/\/diarioregionaldigital.com.br\/index.php?rest_route=%2Fwp%2Fv2%2Fmedia&parent=217023"}],"wp:term":[{"taxonomy":"category","embeddable":true,"href":"https:\/\/diarioregionaldigital.com.br\/index.php?rest_route=%2Fwp%2Fv2%2Fcategories&post=217023"},{"taxonomy":"post_tag","embeddable":true,"href":"https:\/\/diarioregionaldigital.com.br\/index.php?rest_route=%2Fwp%2Fv2%2Ftags&post=217023"}],"curies":[{"name":"wp","href":"https:\/\/api.w.org\/{rel}","templated":true}]}}