{"id":217014,"date":"2023-08-08T20:00:22","date_gmt":"2023-08-08T23:00:22","guid":{"rendered":"https:\/\/diarioregionaldigital.com.br\/?p=217014"},"modified":"2023-08-08T20:00:22","modified_gmt":"2023-08-08T23:00:22","slug":"lula-diz-que-nunca-foi-tao-urgente-retomar-cooperacao-na-amazonia","status":"publish","type":"post","link":"https:\/\/diarioregionaldigital.com.br\/?p=217014","title":{"rendered":"Lula diz que &#8220;nunca foi t\u00e3o urgente&#8221; retomar coopera\u00e7\u00e3o na Amaz\u00f4nia"},"content":{"rendered":"<p>Ao abrir a C\u00fapula da Amaz\u00f4nia, em Bel\u00e9m, nesta ter\u00e7a-feira (8), o presidente Luiz In\u00e1cio Lula da Silva citou o que chamou de &#8220;severo agravamento da crise clim\u00e1tica&#8221; e avaliou que nunca foi t\u00e3o urgente retomar e ampliar a coopera\u00e7\u00e3o entre pa\u00edses da regi\u00e3o.\u00a0<img decoding=\"async\" src=\"https:\/\/agenciabrasil.ebc.com.br\/ebc.png?id=1547834&amp;o=node\" \/><img decoding=\"async\" src=\"https:\/\/agenciabrasil.ebc.com.br\/ebc.gif?id=1547834&amp;o=node\" \/><\/p>\n<p>Em sua fala, Lula se referiu \u00e0 Amaz\u00f4nia como patrim\u00f4nio comum desses pa\u00edses e lembrou que, desde a assinatura do Tratado de Coopera\u00e7\u00e3o da Amaz\u00f4nia, em 1978, os chefes de Estado s\u00f3 se encontraram tr\u00eas vezes, em 1989, em 1992 e em 2009 \u2013 todas em Manaus.<\/p>\n<p>\u201cH\u00e1 14 anos que n\u00e3o nos reun\u00edamos. \u00c9 a primeira vez que o fazemos aqui no Par\u00e1 e a primeira vez num contexto de severo agravamento da crise clim\u00e1tica. Nunca foi t\u00e3o urgente retomar e ampliar essa coopera\u00e7\u00e3o. Os desafios da nossa era e as oportunidades que surgem demandam a\u00e7\u00e3o conjunta.\u201d<\/p>\n<p>Segundo Lula, a reuni\u00e3o de pa\u00edses-membros hoje deve gerar tr\u00eas grandes propostas, incluindo discutir e promover uma nova vis\u00e3o de desenvolvimento sustent\u00e1vel e inclusivo na regi\u00e3o, combinando a prote\u00e7\u00e3o ambiental com a gera\u00e7\u00e3o de empregos dignos e a defesa dos direitos de quem vive na Amaz\u00f4nia.<\/p>\n<p>\u201cPrecisaremos conciliar a prote\u00e7\u00e3o ambiental com a inclus\u00e3o social, o fomento \u00e0 ci\u00eancia tecnol\u00f3gica e a inova\u00e7\u00e3o, o est\u00edmulo \u00e0 economia local, o combate ao crime internacional e a valoriza\u00e7\u00e3o dos povos ind\u00edgenas e de comunidades tradicionais e seus conhecimentos ancestrais.\u201d<\/p>\n<p>Em segundo lugar, de acordo com o presidente, est\u00e3o medidas para o fortalecimento da Organiza\u00e7\u00e3o do Tratado de Coopera\u00e7\u00e3o na Amaz\u00f4nia (OTCA), classificada por ele como um legado constru\u00eddo ao longo de quase meio s\u00e9culo e o \u00fanico bloco do mundo que nasceu com uma miss\u00e3o socioambiental.<\/p>\n<p>\u201cFinalmente, fortaleceremos o lugar dos pa\u00edses detentores de florestas tropicais na agenda global em temas que v\u00e3o do enfrentamento \u00e0 mudan\u00e7a do clima \u00e0 reforma do sistema financeiro internacional. O fato de estarmos todos juntos aqui, governo, sociedade civil e academia, estados e munic\u00edpios, parlamentares e lideran\u00e7as reflete a nossa inten\u00e7\u00e3o de trabalhar por esses tr\u00eas grandes objetivos.\u201d<\/p>\n<p>\u201cS\u00e3o muitas as Amaz\u00f4nias que est\u00e3o representadas aqui. Da Bol\u00edvia, do Brasil, da Col\u00f4mbia, do Equador, da Guiana, do Peru, do Suriname e da Venezuela. Em seu conjunto, essas Amaz\u00f4nias abrigam muitas outras. Da floresta e das cidades, dos trabalhadores, das mulheres e dos jovens, dos povos ind\u00edgenas e das comunidades tradicionais, da cultura, da ci\u00eancia e dos saberes ancestrais\u201d, concluiu.<\/p>\n<p><span style=\"font-weight: 400;\"><br \/>\n<\/span><span style=\"font-weight: 400;\">Fonte: Ag\u00eancia Brasil\u00a0 <\/span><\/p>\n","protected":false},"excerpt":{"rendered":"<p>Ao abrir a C\u00fapula da Amaz\u00f4nia, em Bel\u00e9m, nesta ter\u00e7a-feira (8), o presidente Luiz In\u00e1cio Lula da Silva citou o que chamou de &#8220;severo agravamento da crise clim\u00e1tica&#8221; e avaliou que nunca foi t\u00e3o urgente retomar e ampliar a coopera\u00e7\u00e3o entre pa\u00edses da regi\u00e3o.\u00a0 Em sua fala, Lula se referiu \u00e0 Amaz\u00f4nia como patrim\u00f4nio comum [&hellip;]<\/p>\n","protected":false},"author":246,"featured_media":217015,"comment_status":"closed","ping_status":"closed","sticky":false,"template":"","format":"standard","meta":{"footnotes":""},"categories":[436,254,439],"tags":[],"class_list":["post-217014","post","type-post","status-publish","format-standard","has-post-thumbnail","hentry","category-destaque-da-semana","category-politica","category-ultima-hora"],"_links":{"self":[{"href":"https:\/\/diarioregionaldigital.com.br\/index.php?rest_route=\/wp\/v2\/posts\/217014","targetHints":{"allow":["GET"]}}],"collection":[{"href":"https:\/\/diarioregionaldigital.com.br\/index.php?rest_route=\/wp\/v2\/posts"}],"about":[{"href":"https:\/\/diarioregionaldigital.com.br\/index.php?rest_route=\/wp\/v2\/types\/post"}],"author":[{"embeddable":true,"href":"https:\/\/diarioregionaldigital.com.br\/index.php?rest_route=\/wp\/v2\/users\/246"}],"replies":[{"embeddable":true,"href":"https:\/\/diarioregionaldigital.com.br\/index.php?rest_route=%2Fwp%2Fv2%2Fcomments&post=217014"}],"version-history":[{"count":1,"href":"https:\/\/diarioregionaldigital.com.br\/index.php?rest_route=\/wp\/v2\/posts\/217014\/revisions"}],"predecessor-version":[{"id":217016,"href":"https:\/\/diarioregionaldigital.com.br\/index.php?rest_route=\/wp\/v2\/posts\/217014\/revisions\/217016"}],"wp:featuredmedia":[{"embeddable":true,"href":"https:\/\/diarioregionaldigital.com.br\/index.php?rest_route=\/wp\/v2\/media\/217015"}],"wp:attachment":[{"href":"https:\/\/diarioregionaldigital.com.br\/index.php?rest_route=%2Fwp%2Fv2%2Fmedia&parent=217014"}],"wp:term":[{"taxonomy":"category","embeddable":true,"href":"https:\/\/diarioregionaldigital.com.br\/index.php?rest_route=%2Fwp%2Fv2%2Fcategories&post=217014"},{"taxonomy":"post_tag","embeddable":true,"href":"https:\/\/diarioregionaldigital.com.br\/index.php?rest_route=%2Fwp%2Fv2%2Ftags&post=217014"}],"curies":[{"name":"wp","href":"https:\/\/api.w.org\/{rel}","templated":true}]}}